{"id":8952,"date":"2018-12-27T13:09:36","date_gmt":"2018-12-27T12:09:36","guid":{"rendered":"https:\/\/www.finquesmarba.com\/?p=8952"},"modified":"2020-07-09T18:18:24","modified_gmt":"2020-07-09T16:18:24","slug":"tendencies-immobiliaries-2019","status":"publish","type":"post","link":"https:\/\/www.finquesmarba.com\/ca\/tendencies-immobiliaries-2019\/","title":{"rendered":"Les tend\u00e8ncies immobili\u00e0ries m\u00e9s importants per a 2019"},"content":{"rendered":"<p>[et_pb_section bb_built=&#8221;1&#8243;][et_pb_row][et_pb_column type=&#8221;4_4&#8243;][et_pb_text _builder_version=&#8221;3.13.1&#8243;]<\/p>\n<p class=\"p1\">El mercat immobiliari es troba en fase d&#8217;expansi\u00f3 i aix\u00ed es preveu que segueixi fins al 2021. La millora d&#8217;aquest sector en les principals ciutats espanyoles, l&#8217;alta demanda que hi ha i el focus que tenen els grans inversors a Europa, ha fet que els perfils laborals que es demanden tamb\u00e9 modifiquin.<\/p>\n<p class=\"p1\">Com evolucionar\u00e0 el sector immobiliari? T&#8217;expliquem quin \u00e9s el cam\u00ed que prendr\u00e0 al 2019.<\/p>\n<p>&nbsp;<\/p>\n<p>[\/et_pb_text][et_pb_button _builder_version=&#8221;3.13.1&#8243; button_text=&#8221;Contacta amb la teva immobili\u00e0ria de confian\u00e7a&#8221; button_url=&#8221;https:\/\/www.finquesmarba.com\/ca\/contacte\/&#8221; button_alignment=&#8221;center&#8221; \/][et_pb_divider _builder_version=&#8221;3.13.1&#8243; color=&#8221;#ffffff&#8221; \/][et_pb_text _builder_version=&#8221;3.13.1&#8243;]<\/p>\n<h2><\/h2>\n<h2>Las 5 tend\u00e8ncies del sector immobiliari per a 2019<\/h2>\n<ol>\n<li>\n<h3>Un mercat immobiliari c\u00edclic en per\u00edode d&#8217;expansi\u00f3<\/h3>\n<p class=\"p1\">El mercat de l&#8217;habitatge a Espanya \u00e9s c\u00edclic i la seva evoluci\u00f3 \u00e9s molt semblant a la que t\u00e9 l&#8217;economia. Al llarg dels anys es van repetint els mateixos per\u00edodes: expansi\u00f3, desacceleraci\u00f3, contracci\u00f3 i estabilitzaci\u00f3.<\/p>\n<p class=\"p1\">\u00c9s important que es presti especial atenci\u00f3 a les caracter\u00edstiques de cada fase per a entendre en quin punt es troba el sector immobiliari. Segons l&#8217;informe que ha publicat la taxadora\u00a0Tinsa\u00a0de \u201cPrevisions mercat residencial 2019\u201d, les transaccions, els visats d&#8217;obra nova, les hipoteques i els preus augmentaran en l&#8217;any vinent.<\/p>\n<p class=\"p1\">Aquest augment implica que ens trobem en plena fase d&#8217;expansi\u00f3 i es preveu que aix\u00ed segueixi fins al 2021.<\/p>\n<\/li>\n<li>\n<h3>Barcelona, Costa del Sol, Comunitat Valenciana, Balears y Madrid en creixement immobiliari<\/h3>\n<p>A Espanya hi ha zones especialment atractives per a espanyols i estrangers. Barcelona, la Costa del Sol, la Comunitat Valenciana, Balears i Madrid se situen en top 5 del r\u00e0nquing de llocs en creixement immobiliari a causa de l&#8217;alta demanda.<\/p>\n<p class=\"p1\">En totes aquestes podrem veure unes altes xifres de compravenda fent que el preu de l&#8217;habitatge acabat superi els 2.000 \u20ac i el preu de l&#8217;habitatge en lloguer arribi als 19-20 \u20ac\u00a0al metre quadrat.<\/p>\n<p><img loading=\"lazy\" decoding=\"async\" class=\"alignnone wp-image-8343 size-full\" src=\"https:\/\/www.finquesmarba.com\/wp-content\/uploads\/2018\/12\/MAR-1812-barcelona.jpg\" alt=\"Les tend\u00e8ncies immobili\u00e0ries m\u00e9s importants per al 2019 | Finques Marb\u00e0\" width=\"5000\" height=\"2813\" srcset=\"https:\/\/www.finquesmarba.com\/wp-content\/uploads\/2018\/12\/MAR-1812-barcelona.jpg 5000w, https:\/\/www.finquesmarba.com\/wp-content\/uploads\/2018\/12\/MAR-1812-barcelona-300x169.jpg 300w, https:\/\/www.finquesmarba.com\/wp-content\/uploads\/2018\/12\/MAR-1812-barcelona-768x432.jpg 768w, https:\/\/www.finquesmarba.com\/wp-content\/uploads\/2018\/12\/MAR-1812-barcelona-1024x576.jpg 1024w, https:\/\/www.finquesmarba.com\/wp-content\/uploads\/2018\/12\/MAR-1812-barcelona-958x539.jpg 958w, https:\/\/www.finquesmarba.com\/wp-content\/uploads\/2018\/12\/MAR-1812-barcelona-1080x608.jpg 1080w\" sizes=\"(max-width: 5000px) 100vw, 5000px\" \/><\/li>\n<li>\n<h3><span style=\"font-size: 22px;\">L<\/span>a capacitat d&#8217;adaptaci\u00f3, requisit b\u00e0sic el sector immobiliari<\/h3>\n<p class=\"p1\">Les demandes del sector tamb\u00e9 van canviant amb el pas dels anys i les empreses busquen cada vegada m\u00e9s perfils que s\u00e0piguen adaptar-se a qualsevol\u00a0tipus\u00a0d&#8217;entorns.<\/p>\n<p class=\"p1\">Hi ha hagut un augment de demanda en perfils amb compet\u00e8ncies concretes. El dinamisme, la flexibilitat i la capacitat d&#8217;adaptaci\u00f3 s\u00f3n alguns dels aspectes m\u00e9s requerits per a trobar ocupaci\u00f3 en aquest sector.<\/p>\n<p class=\"p1\">A m\u00e9s, es veur\u00e0 tamb\u00e9 un fort augment de perfils com: t\u00e8cnics per a desenvolupar nous projectes en promoci\u00f3, perfils de cerca, gesti\u00f3 i transformaci\u00f3 de s\u00f2l, i perfils de gesti\u00f3, como ara gerents o directors de promocions.<\/p>\n<\/li>\n<li>\n<h3>El lloguer, una de les apostes preferides per als inversors<\/h3>\n<p>Tant els preus com la rendibilitat del lloguer continuar\u00e0 creixent a causa de la recuperaci\u00f3 econ\u00f2mica i del mercat laboral.<\/p>\n<p class=\"p1\">El lloguer \u00e9s una tend\u00e8ncia cada vegada m\u00e9s habitual, mentre en el 2002 a penes superava un 15%, actualment el percentatge gira entorn del 23%.<\/p>\n<p class=\"p1\">\u00c9s per aquest motiu que continua sent una de les apostes favorites per als inversors, especialment destaquem una tend\u00e8ncia a l&#8217;alta pels pisos a reformar a Barcelona, que suposa per a molts un preu m\u00e9s econ\u00f2mic fins i tot amb la reforma.<\/p>\n<\/li>\n<li>\n<h3 class=\"p1\">El sector immobiliari, el focus per al capital a Europa<\/h3>\n<p class=\"p1\">Els grans capitals han posat el punt de mira al sector immobiliari, sobretot a Europa. Segons un estudi de\u00a0CMS\u00a0Albi\u00f1ana\u00a0&amp; Su\u00e1rez\u00a0Lezo, la inversi\u00f3 que hi ha hagut al sector al llarg d&#8217;aquest 2018 ha aconseguit la suma total de 234.000 milions d&#8217;euros, un 7% m\u00e9s a la qual es registrava l&#8217;any passat.<\/p>\n<\/li>\n<\/ol>\n<p class=\"p1\">Si el que cerques \u00e9s una ag\u00e8ncia immobili\u00e0ria actualitzada, amb una llarga traject\u00f2ria en el sector i que es preocupi per informar els seus clients, contacta&#8217;ns.<\/p>\n<p>[\/et_pb_text][\/et_pb_column][\/et_pb_row][et_pb_row _builder_version=&#8221;3.13.1&#8243;][et_pb_column type=&#8221;4_4&#8243;][et_pb_divider _builder_version=&#8221;3.13.1&#8243; color=&#8221;#ED6861&#8243; divider_weight=&#8221;2px&#8221; height=&#8221;15px&#8221; \/][et_pb_sidebar _builder_version=&#8221;3.13.1&#8243; area=&#8221;et_pb_widget_area_1&#8243; module_class=&#8221;box_list_property&#8221; \/][et_pb_divider _builder_version=&#8221;3.13.1&#8243; color=&#8221;#ED6861&#8243; divider_weight=&#8221;2px&#8221; height=&#8221;15px&#8221; \/][et_pb_text admin_label=&#8221;Contact form 7 basic (blog \u2013 ca)&#8221; _builder_version=&#8221;3.13.1&#8243; saved_tabs=&#8221;all&#8221; module_class=&#8221;cf-7-divi-embed&#8221; global_module=&#8221;7265&#8243;]<\/p>\n<h3>Vols vendre o llogar el teu pis a Barcelona amb les m\u00e0ximes garanties? Contacta amb\u00a0Marb\u00e1<\/h3>\n<p>Volem ser l\u2019ag\u00e8ncia immobili\u00e0ria de confian\u00e7a per a tots aquells propietaris que estiguin buscant professionalitat, comprom\u00eds i proximitat.<\/p>\n<p>Si vols vendre o llogar la teva propietat, podem ajudar-te a fer-ho r\u00e0pid i amb garanties. Estar\u00e0s junt a una empresa amb una s\u00f2lida traject\u00f2ria al mercat que sap com aconseguir la millor relaci\u00f3 valor-preu per al teu habitatge.<\/p>\n\n<div class=\"wpcf7 no-js\" id=\"wpcf7-f7249-o1\" lang=\"es-ES\" dir=\"ltr\">\n<div class=\"screen-reader-response\"><p role=\"status\" aria-live=\"polite\" aria-atomic=\"true\"><\/p> <ul><\/ul><\/div>\n<form action=\"\/ca\/wp-json\/wp\/v2\/posts\/8952#wpcf7-f7249-o1\" method=\"post\" class=\"wpcf7-form init\" aria-label=\"Formulario de contacto\" novalidate=\"novalidate\" data-status=\"init\">\n<div style=\"display: none;\">\n<input type=\"hidden\" name=\"_wpcf7\" value=\"7249\" \/>\n<input type=\"hidden\" name=\"_wpcf7_version\" value=\"5.8.4\" \/>\n<input type=\"hidden\" name=\"_wpcf7_locale\" value=\"es_ES\" \/>\n<input type=\"hidden\" name=\"_wpcf7_unit_tag\" value=\"wpcf7-f7249-o1\" \/>\n<input type=\"hidden\" name=\"_wpcf7_container_post\" value=\"0\" \/>\n<input type=\"hidden\" name=\"_wpcf7_posted_data_hash\" value=\"\" \/>\n<input type=\"hidden\" name=\"_wpcf7_recaptcha_response\" value=\"\" \/>\n<\/div>\n<p><span class=\"wpcf7-form-control-wrap\" data-name=\"your-name\"><input size=\"40\" class=\"wpcf7-form-control wpcf7-text wpcf7-validates-as-required form_1p\" aria-required=\"true\" aria-invalid=\"false\" placeholder=\"Nom*\" value=\"\" type=\"text\" name=\"your-name\" \/><\/span>\n<\/p>\n<p><span class=\"wpcf7-form-control-wrap\" data-name=\"your-email\"><input size=\"40\" class=\"wpcf7-form-control wpcf7-email wpcf7-validates-as-required wpcf7-text wpcf7-validates-as-email form_1p\" aria-required=\"true\" aria-invalid=\"false\" placeholder=\"Correu electr\u00f2nic*\" value=\"\" type=\"email\" name=\"your-email\" \/><\/span>\n<\/p>\n<p><span class=\"wpcf7-form-control-wrap\" data-name=\"your-phone\"><input size=\"40\" class=\"wpcf7-form-control wpcf7-text wpcf7-validates-as-required form_1p\" aria-required=\"true\" aria-invalid=\"false\" placeholder=\"Tel\u00e8fon*\" value=\"\" type=\"text\" name=\"your-phone\" \/><\/span>\n<\/p>\n<p><span class=\"wpcf7-form-control-wrap\" data-name=\"your-message\"><textarea cols=\"40\" rows=\"10\" class=\"wpcf7-form-control wpcf7-textarea form_1p\" aria-invalid=\"false\" placeholder=\"Motiu de contacte\" name=\"your-message\"><\/textarea><\/span>\n<\/p>\n<div class=\"form_nota\">\n\t<p>*Camps obligatoris\n\t<\/p>\n<\/div>\n<p><span class=\"wpcf7-form-control-wrap\" data-name=\"acceptance-901\"><span class=\"wpcf7-form-control wpcf7-acceptance\"><span class=\"wpcf7-list-item\"><label><input type=\"checkbox\" name=\"acceptance-901\" value=\"1\" aria-invalid=\"false\" \/><span class=\"wpcf7-list-item-label\">Accepto els <a href=\"#nogo\" title=\"termes i condicions de privacitat\" target=\"_blank\">termes i condicions de privacitat.<\/a><\/span><\/label><\/span><\/span><\/span><br \/>\n\n<\/p>\n<p><input class=\"wpcf7-form-control wpcf7-submit has-spinner\" type=\"submit\" value=\"Enviar\" \/>\n<\/p><div class=\"wpcf7-response-output\" aria-hidden=\"true\"><\/div>\n<\/form>\n<\/div>\n\n<p>[\/et_pb_text][\/et_pb_column][\/et_pb_row][\/et_pb_section]<\/p>\n","protected":false},"excerpt":{"rendered":"<p>La millora del sector immobiliari en les principals ciutats espanyoles, l&#8217;alta demanda que hi ha i el focus que tenen els grans inversors a Europa, ha fet que els perfils laborals que es demanden tamb\u00e9 modifiquin.<br \/>\nCom evolucionar\u00e0 el sector immobiliari? T&#8217;expliquem quin \u00e9s el cam\u00ed que prendr\u00e0 en 2019.<\/p>\n","protected":false},"author":1,"featured_media":8347,"comment_status":"open","ping_status":"closed","sticky":false,"template":"","format":"standard","meta":{"_et_pb_use_builder":"on","_et_pb_old_content":"","_et_gb_content_width":"","footnotes":""},"categories":[87,84],"tags":[],"class_list":["post-8952","post","type-post","status-publish","format-standard","has-post-thumbnail","hentry","category-actualidad-sector-inmobiliario-ca","category-actualitat-sector-immobiliari"],"yoast_head":"<!-- This site is optimized with the Yoast SEO plugin v21.8 - https:\/\/yoast.com\/wordpress\/plugins\/seo\/ -->\n<title>Les tend\u00e8ncies immobili\u00e0ries m\u00e9s importants per a 2019 - Finques Marb\u00e0<\/title>\n<meta name=\"description\" content=\"Com evolucionar\u00e0 el sector immobiliari? T&#039;expliquem quines s\u00f3n les tend\u00e8ncies immobili\u00e0ries m\u00e9s importants que marcaran el 2019\" \/>\n<meta name=\"robots\" content=\"index, follow, max-snippet:-1, max-image-preview:large, max-video-preview:-1\" \/>\n<link rel=\"canonical\" href=\"https:\/\/www.finquesmarba.com\/ca\/tendencies-immobiliaries-2019\/\" \/>\n<meta property=\"og:locale\" content=\"ca_ES\" \/>\n<meta property=\"og:type\" content=\"article\" \/>\n<meta property=\"og:title\" content=\"Les tend\u00e8ncies immobili\u00e0ries m\u00e9s importants per a 2019 - Finques Marb\u00e0\" \/>\n<meta property=\"og:description\" content=\"Com evolucionar\u00e0 el sector immobiliari? T&#039;expliquem quines s\u00f3n les tend\u00e8ncies immobili\u00e0ries m\u00e9s importants que marcaran el 2019\" \/>\n<meta property=\"og:url\" content=\"https:\/\/www.finquesmarba.com\/ca\/tendencies-immobiliaries-2019\/\" \/>\n<meta property=\"og:site_name\" content=\"Finques Marb\u00e0\" \/>\n<meta property=\"article:publisher\" content=\"https:\/\/www.facebook.com\/finquesmarba\" \/>\n<meta property=\"article:published_time\" content=\"2018-12-27T12:09:36+00:00\" \/>\n<meta property=\"article:modified_time\" content=\"2020-07-09T16:18:24+00:00\" \/>\n<meta property=\"og:image\" content=\"https:\/\/www.finquesmarba.com\/wp-content\/uploads\/2018\/12\/MAR-1812-blog2019.jpg\" \/>\n\t<meta property=\"og:image:width\" content=\"5000\" \/>\n\t<meta property=\"og:image:height\" content=\"2813\" \/>\n\t<meta property=\"og:image:type\" content=\"image\/jpeg\" \/>\n<meta name=\"author\" content=\"admin-estate\" \/>\n<meta name=\"twitter:card\" content=\"summary_large_image\" \/>\n<meta name=\"twitter:label1\" content=\"Escrit per\" \/>\n\t<meta name=\"twitter:data1\" content=\"admin-estate\" \/>\n\t<meta name=\"twitter:label2\" content=\"Temps estimat de lectura\" \/>\n\t<meta name=\"twitter:data2\" content=\"4 minuts\" \/>\n<script type=\"application\/ld+json\" class=\"yoast-schema-graph\">{\"@context\":\"https:\/\/schema.org\",\"@graph\":[{\"@type\":\"WebPage\",\"@id\":\"https:\/\/www.finquesmarba.com\/ca\/tendencies-immobiliaries-2019\/\",\"url\":\"https:\/\/www.finquesmarba.com\/ca\/tendencies-immobiliaries-2019\/\",\"name\":\"Les tend\u00e8ncies immobili\u00e0ries m\u00e9s importants per a 2019 - Finques Marb\u00e0\",\"isPartOf\":{\"@id\":\"https:\/\/www.finquesmarba.com\/#website\"},\"datePublished\":\"2018-12-27T12:09:36+00:00\",\"dateModified\":\"2020-07-09T16:18:24+00:00\",\"author\":{\"@id\":\"https:\/\/www.finquesmarba.com\/#\/schema\/person\/b53b68c94ed95745a84fee89c1a13062\"},\"description\":\"Com evolucionar\u00e0 el sector immobiliari? T'expliquem quines s\u00f3n les tend\u00e8ncies immobili\u00e0ries m\u00e9s importants que marcaran el 2019\",\"breadcrumb\":{\"@id\":\"https:\/\/www.finquesmarba.com\/ca\/tendencies-immobiliaries-2019\/#breadcrumb\"},\"inLanguage\":\"ca\",\"potentialAction\":[{\"@type\":\"ReadAction\",\"target\":[\"https:\/\/www.finquesmarba.com\/ca\/tendencies-immobiliaries-2019\/\"]}]},{\"@type\":\"BreadcrumbList\",\"@id\":\"https:\/\/www.finquesmarba.com\/ca\/tendencies-immobiliaries-2019\/#breadcrumb\",\"itemListElement\":[{\"@type\":\"ListItem\",\"position\":1,\"name\":\"Inici\",\"item\":\"https:\/\/www.finquesmarba.com\/ca\/\"},{\"@type\":\"ListItem\",\"position\":2,\"name\":\"Les tend\u00e8ncies immobili\u00e0ries m\u00e9s importants per a 2019\"}]},{\"@type\":\"WebSite\",\"@id\":\"https:\/\/www.finquesmarba.com\/#website\",\"url\":\"https:\/\/www.finquesmarba.com\/\",\"name\":\"Finques Marb\u00e0\",\"description\":\"Just another WordPress site\",\"potentialAction\":[{\"@type\":\"SearchAction\",\"target\":{\"@type\":\"EntryPoint\",\"urlTemplate\":\"https:\/\/www.finquesmarba.com\/?s={search_term_string}\"},\"query-input\":\"required name=search_term_string\"}],\"inLanguage\":\"ca\"},{\"@type\":\"Person\",\"@id\":\"https:\/\/www.finquesmarba.com\/#\/schema\/person\/b53b68c94ed95745a84fee89c1a13062\",\"name\":\"admin-estate\",\"image\":{\"@type\":\"ImageObject\",\"inLanguage\":\"ca\",\"@id\":\"https:\/\/www.finquesmarba.com\/#\/schema\/person\/image\/\",\"url\":\"https:\/\/www.finquesmarba.com\/wp-content\/uploads\/2018\/11\/logotipo-marba-800800-150x150.png\",\"contentUrl\":\"https:\/\/www.finquesmarba.com\/wp-content\/uploads\/2018\/11\/logotipo-marba-800800-150x150.png\",\"caption\":\"admin-estate\"},\"url\":\"https:\/\/www.finquesmarba.com\/ca\/author\/admin-estate\/\"}]}<\/script>\n<!-- \/ Yoast SEO plugin. -->","yoast_head_json":{"title":"Les tend\u00e8ncies immobili\u00e0ries m\u00e9s importants per a 2019 - Finques Marb\u00e0","description":"Com evolucionar\u00e0 el sector immobiliari? T'expliquem quines s\u00f3n les tend\u00e8ncies immobili\u00e0ries m\u00e9s importants que marcaran el 2019","robots":{"index":"index","follow":"follow","max-snippet":"max-snippet:-1","max-image-preview":"max-image-preview:large","max-video-preview":"max-video-preview:-1"},"canonical":"https:\/\/www.finquesmarba.com\/ca\/tendencies-immobiliaries-2019\/","og_locale":"ca_ES","og_type":"article","og_title":"Les tend\u00e8ncies immobili\u00e0ries m\u00e9s importants per a 2019 - Finques Marb\u00e0","og_description":"Com evolucionar\u00e0 el sector immobiliari? T'expliquem quines s\u00f3n les tend\u00e8ncies immobili\u00e0ries m\u00e9s importants que marcaran el 2019","og_url":"https:\/\/www.finquesmarba.com\/ca\/tendencies-immobiliaries-2019\/","og_site_name":"Finques Marb\u00e0","article_publisher":"https:\/\/www.facebook.com\/finquesmarba","article_published_time":"2018-12-27T12:09:36+00:00","article_modified_time":"2020-07-09T16:18:24+00:00","og_image":[{"width":5000,"height":2813,"url":"https:\/\/www.finquesmarba.com\/wp-content\/uploads\/2018\/12\/MAR-1812-blog2019.jpg","type":"image\/jpeg"}],"author":"admin-estate","twitter_card":"summary_large_image","twitter_misc":{"Escrit per":"admin-estate","Temps estimat de lectura":"4 minuts"},"schema":{"@context":"https:\/\/schema.org","@graph":[{"@type":"WebPage","@id":"https:\/\/www.finquesmarba.com\/ca\/tendencies-immobiliaries-2019\/","url":"https:\/\/www.finquesmarba.com\/ca\/tendencies-immobiliaries-2019\/","name":"Les tend\u00e8ncies immobili\u00e0ries m\u00e9s importants per a 2019 - Finques Marb\u00e0","isPartOf":{"@id":"https:\/\/www.finquesmarba.com\/#website"},"datePublished":"2018-12-27T12:09:36+00:00","dateModified":"2020-07-09T16:18:24+00:00","author":{"@id":"https:\/\/www.finquesmarba.com\/#\/schema\/person\/b53b68c94ed95745a84fee89c1a13062"},"description":"Com evolucionar\u00e0 el sector immobiliari? T'expliquem quines s\u00f3n les tend\u00e8ncies immobili\u00e0ries m\u00e9s importants que marcaran el 2019","breadcrumb":{"@id":"https:\/\/www.finquesmarba.com\/ca\/tendencies-immobiliaries-2019\/#breadcrumb"},"inLanguage":"ca","potentialAction":[{"@type":"ReadAction","target":["https:\/\/www.finquesmarba.com\/ca\/tendencies-immobiliaries-2019\/"]}]},{"@type":"BreadcrumbList","@id":"https:\/\/www.finquesmarba.com\/ca\/tendencies-immobiliaries-2019\/#breadcrumb","itemListElement":[{"@type":"ListItem","position":1,"name":"Inici","item":"https:\/\/www.finquesmarba.com\/ca\/"},{"@type":"ListItem","position":2,"name":"Les tend\u00e8ncies immobili\u00e0ries m\u00e9s importants per a 2019"}]},{"@type":"WebSite","@id":"https:\/\/www.finquesmarba.com\/#website","url":"https:\/\/www.finquesmarba.com\/","name":"Finques Marb\u00e0","description":"Just another WordPress site","potentialAction":[{"@type":"SearchAction","target":{"@type":"EntryPoint","urlTemplate":"https:\/\/www.finquesmarba.com\/?s={search_term_string}"},"query-input":"required name=search_term_string"}],"inLanguage":"ca"},{"@type":"Person","@id":"https:\/\/www.finquesmarba.com\/#\/schema\/person\/b53b68c94ed95745a84fee89c1a13062","name":"admin-estate","image":{"@type":"ImageObject","inLanguage":"ca","@id":"https:\/\/www.finquesmarba.com\/#\/schema\/person\/image\/","url":"https:\/\/www.finquesmarba.com\/wp-content\/uploads\/2018\/11\/logotipo-marba-800800-150x150.png","contentUrl":"https:\/\/www.finquesmarba.com\/wp-content\/uploads\/2018\/11\/logotipo-marba-800800-150x150.png","caption":"admin-estate"},"url":"https:\/\/www.finquesmarba.com\/ca\/author\/admin-estate\/"}]}},"_links":{"self":[{"href":"https:\/\/www.finquesmarba.com\/ca\/wp-json\/wp\/v2\/posts\/8952","targetHints":{"allow":["GET"]}}],"collection":[{"href":"https:\/\/www.finquesmarba.com\/ca\/wp-json\/wp\/v2\/posts"}],"about":[{"href":"https:\/\/www.finquesmarba.com\/ca\/wp-json\/wp\/v2\/types\/post"}],"author":[{"embeddable":true,"href":"https:\/\/www.finquesmarba.com\/ca\/wp-json\/wp\/v2\/users\/1"}],"replies":[{"embeddable":true,"href":"https:\/\/www.finquesmarba.com\/ca\/wp-json\/wp\/v2\/comments?post=8952"}],"version-history":[{"count":2,"href":"https:\/\/www.finquesmarba.com\/ca\/wp-json\/wp\/v2\/posts\/8952\/revisions"}],"predecessor-version":[{"id":8954,"href":"https:\/\/www.finquesmarba.com\/ca\/wp-json\/wp\/v2\/posts\/8952\/revisions\/8954"}],"wp:featuredmedia":[{"embeddable":true,"href":"https:\/\/www.finquesmarba.com\/ca\/wp-json\/wp\/v2\/media\/8347"}],"wp:attachment":[{"href":"https:\/\/www.finquesmarba.com\/ca\/wp-json\/wp\/v2\/media?parent=8952"}],"wp:term":[{"taxonomy":"category","embeddable":true,"href":"https:\/\/www.finquesmarba.com\/ca\/wp-json\/wp\/v2\/categories?post=8952"},{"taxonomy":"post_tag","embeddable":true,"href":"https:\/\/www.finquesmarba.com\/ca\/wp-json\/wp\/v2\/tags?post=8952"}],"curies":[{"name":"wp","href":"https:\/\/api.w.org\/{rel}","templated":true}]}}