{"id":5424,"date":"2018-07-02T13:38:13","date_gmt":"2018-07-02T11:38:13","guid":{"rendered":"http:\/\/www.finquesmarba.com\/?p=5424"},"modified":"2018-12-13T10:37:05","modified_gmt":"2018-12-13T09:37:05","slug":"4-consells-vendre-casa-rapid-estiu","status":"publish","type":"post","link":"https:\/\/www.finquesmarba.com\/ca\/4-consells-vendre-casa-rapid-estiu\/","title":{"rendered":"4 consells per vendre la teva casa m\u00e9s r\u00e0pid aquest estiu"},"content":{"rendered":"<p>[et_pb_section bb_built=&#8221;1&#8243;][et_pb_row][et_pb_column type=&#8221;4_4&#8243;][et_pb_text _builder_version=&#8221;3.13.1&#8243;]<\/p>\n<p class=\"p1\">La <strong>venda d&#8217;habitatges de segona m\u00e0<\/strong> a Espanya segueix creixent, i a bon ritme en comparaci\u00f3 a anys anteriors. De fet, el nombre de transaccions va superar les 123.000 en el primer trimestre de 2018 segons dades del Ministeri de Foment, indicatiu del bon moment pel qual est\u00e0 passant el nostre sector.<\/p>\n<p class=\"p1\">Moltes d&#8217;aquestes transaccions es realitzen durant l&#8217;estiu. Ja sigui perqu\u00e8 els propietaris tenen m\u00e9s temps per adequar la casa abans de posar-la <strong>a la venda<\/strong>, o perqu\u00e8 els compradors estan m\u00e9s relaxats a l&#8217;hora de decidir. Sigui com sigui, hi ha alguns factors que hem de complir i tenir en consideraci\u00f3 si volem vendre la nostra propietat r\u00e0pid i b\u00e9.<\/p>\n<h2 class=\"p1\">El preu<\/h2>\n<p class=\"p1\">\u00d2bviament \u00e9s un factor clau, amb el qual des de<strong>\u00a0Finques\u00a0Marb\u00e0<\/strong>\u00a0et podem guiar. I \u00e9s que si es posa un preu molt superior al que correspon, la venda es podria arribar a complicar. Mentre que si pel contrari posem un preu inferior, els possibles compradors podrien arribar a preguntar-se qu\u00e8 t\u00e9 de dolent l&#8217;habitatge. \u00c9s per aix\u00f2 que haurem de tenir en compte la <strong>situaci\u00f3 del mercat, caracter\u00edstiques de l&#8217;immoble, la seva ubicaci\u00f3 i l&#8217;estat real del pis<\/strong> abans de fixar un preu adequat.<\/p>\n<h2 class=\"p1\">Quan vendre?<\/h2>\n<p class=\"p1\">El factor temps \u00e9s de summa import\u00e0ncia, i per descomptat tamb\u00e9 est\u00e0 relacionat amb el preu. Si hi ha pressa, caldr\u00e0 ajustar el preu de forma inicial, si no tindrem m\u00e9s marge per negociar un tracte final que sigui satisfactori, tant per nosaltres com per als possibles compradors.<\/p>\n<h2 class=\"p1\">Preparar la casa, o \u2018Home\u00a0Staging\u2019<\/h2>\n<p class=\"p1\">Abans de posar<strong> l&#8217;habitatge a la venda<\/strong>, caldr\u00e0 adequar-la i potenciar les seves millors qualitats. Per exemple si la comercialitzem a l&#8217;estiu i la casa t\u00e9 exteriors o piscina, \u00e9s positiu preparar-ho tot perqu\u00e8 els futurs compradors puguin imaginar-se com seria estar gaudint d&#8217;aquests espais durant els dies de calor.<\/p>\n<p class=\"p1\">Es tracta doncs de <strong>presentar la millor imatge del pis<\/strong>, arreglant desperfectes, fent-li un rentat de cara o, fins i tot, invertint en alguna reforma per vendre el m\u00e9s r\u00e0pid possible i al millor preu.<\/p>\n<h2 class=\"p1\">Promocionar la venda<\/h2>\n<p class=\"p1\">Per descomptat d&#8217;aix\u00f2 ens encarreguem nosaltres. Fent la descripci\u00f3 de l&#8217;habitatge, realitzant una sessi\u00f3 de fotos destacant el millor del pis, i fins i tot un v\u00eddeo i\/o un tour virtual. Movem el pis entre els nostres contactes i a les nostres xarxes socials, a m\u00e9s de penjar-ho als portals immobiliaris m\u00e9s importants.<\/p>\n<p>[\/et_pb_text][\/et_pb_column][\/et_pb_row][et_pb_row _builder_version=&#8221;3.13.1&#8243;][et_pb_column type=&#8221;4_4&#8243;][et_pb_divider _builder_version=&#8221;3.13.1&#8243; color=&#8221;#ED6861&#8243; divider_weight=&#8221;2px&#8221; height=&#8221;15px&#8221; \/][et_pb_sidebar _builder_version=&#8221;3.13.1&#8243; area=&#8221;et_pb_widget_area_1&#8243; module_class=&#8221;box_list_property&#8221; \/][et_pb_divider _builder_version=&#8221;3.13.1&#8243; color=&#8221;#ED6861&#8243; divider_weight=&#8221;2px&#8221; height=&#8221;15px&#8221; \/][et_pb_text admin_label=&#8221;Contact form 7 basic (blog \u2013 ca)&#8221; _builder_version=&#8221;3.13.1&#8243; saved_tabs=&#8221;all&#8221; module_class=&#8221;cf-7-divi-embed&#8221; global_module=&#8221;7265&#8243;]<\/p>\n<h3>Vols vendre o llogar el teu pis a Barcelona amb les m\u00e0ximes garanties? Contacta amb\u00a0Marb\u00e1<\/h3>\n<p>Volem ser l\u2019ag\u00e8ncia immobili\u00e0ria de confian\u00e7a per a tots aquells propietaris que estiguin buscant professionalitat, comprom\u00eds i proximitat.<\/p>\n<p>Si vols vendre o llogar la teva propietat, podem ajudar-te a fer-ho r\u00e0pid i amb garanties. Estar\u00e0s junt a una empresa amb una s\u00f2lida traject\u00f2ria al mercat que sap com aconseguir la millor relaci\u00f3 valor-preu per al teu habitatge.<\/p>\n<p>\n<div class=\"wpcf7 no-js\" id=\"wpcf7-f7249-o1\" lang=\"es-ES\" dir=\"ltr\">\n<div class=\"screen-reader-response\"><p role=\"status\" aria-live=\"polite\" aria-atomic=\"true\"><\/p> <ul><\/ul><\/div>\n<form action=\"\/ca\/wp-json\/wp\/v2\/posts\/5424#wpcf7-f7249-o1\" method=\"post\" class=\"wpcf7-form init\" aria-label=\"Formulario de contacto\" novalidate=\"novalidate\" data-status=\"init\">\n<div style=\"display: none;\">\n<input type=\"hidden\" name=\"_wpcf7\" value=\"7249\" \/>\n<input type=\"hidden\" name=\"_wpcf7_version\" value=\"5.8.4\" \/>\n<input type=\"hidden\" name=\"_wpcf7_locale\" value=\"es_ES\" \/>\n<input type=\"hidden\" name=\"_wpcf7_unit_tag\" value=\"wpcf7-f7249-o1\" \/>\n<input type=\"hidden\" name=\"_wpcf7_container_post\" value=\"0\" \/>\n<input type=\"hidden\" name=\"_wpcf7_posted_data_hash\" value=\"\" \/>\n<input type=\"hidden\" name=\"_wpcf7_recaptcha_response\" value=\"\" \/>\n<\/div>\n<p><span class=\"wpcf7-form-control-wrap\" data-name=\"your-name\"><input size=\"40\" class=\"wpcf7-form-control wpcf7-text wpcf7-validates-as-required form_1p\" aria-required=\"true\" aria-invalid=\"false\" placeholder=\"Nom*\" value=\"\" type=\"text\" name=\"your-name\" \/><\/span>\n<\/p>\n<p><span class=\"wpcf7-form-control-wrap\" data-name=\"your-email\"><input size=\"40\" class=\"wpcf7-form-control wpcf7-email wpcf7-validates-as-required wpcf7-text wpcf7-validates-as-email form_1p\" aria-required=\"true\" aria-invalid=\"false\" placeholder=\"Correu electr\u00f2nic*\" value=\"\" type=\"email\" name=\"your-email\" \/><\/span>\n<\/p>\n<p><span class=\"wpcf7-form-control-wrap\" data-name=\"your-phone\"><input size=\"40\" class=\"wpcf7-form-control wpcf7-text wpcf7-validates-as-required form_1p\" aria-required=\"true\" aria-invalid=\"false\" placeholder=\"Tel\u00e8fon*\" value=\"\" type=\"text\" name=\"your-phone\" \/><\/span>\n<\/p>\n<p><span class=\"wpcf7-form-control-wrap\" data-name=\"your-message\"><textarea cols=\"40\" rows=\"10\" class=\"wpcf7-form-control wpcf7-textarea form_1p\" aria-invalid=\"false\" placeholder=\"Motiu de contacte\" name=\"your-message\"><\/textarea><\/span>\n<\/p>\n<div class=\"form_nota\">\n\t<p>*Camps obligatoris\n\t<\/p>\n<\/div>\n<p><span class=\"wpcf7-form-control-wrap\" data-name=\"acceptance-901\"><span class=\"wpcf7-form-control wpcf7-acceptance\"><span class=\"wpcf7-list-item\"><label><input type=\"checkbox\" name=\"acceptance-901\" value=\"1\" aria-invalid=\"false\" \/><span class=\"wpcf7-list-item-label\">Accepto els <a href=\"#nogo\" title=\"termes i condicions de privacitat\" target=\"_blank\">termes i condicions de privacitat.<\/a><\/span><\/label><\/span><\/span><\/span><br \/>\n\n<\/p>\n<p><input class=\"wpcf7-form-control wpcf7-submit has-spinner\" type=\"submit\" value=\"Enviar\" \/>\n<\/p><div class=\"wpcf7-response-output\" aria-hidden=\"true\"><\/div>\n<\/form>\n<\/div>\n [\/et_pb_text][\/et_pb_column][\/et_pb_row][\/et_pb_section]<\/p>\n","protected":false},"excerpt":{"rendered":"<p>La venda d&#8217;habitatges de segona m\u00e0 a Espanya segueix creixent, i a bon ritme en comparaci\u00f3 a anys anteriors. El sector immobiliari est\u00e0 passant per un bon moment, per\u00f2 hi ha alguns factors que hem de complir i tenir en consideraci\u00f3 si volem vendre la nostra propietat r\u00e0pid i b\u00e9.<\/p>\n","protected":false},"author":3,"featured_media":5355,"comment_status":"closed","ping_status":"closed","sticky":false,"template":"","format":"standard","meta":{"_et_pb_use_builder":"on","_et_pb_old_content":"","_et_gb_content_width":"","footnotes":""},"categories":[85,73],"tags":[],"class_list":["post-5424","post","type-post","status-publish","format-standard","has-post-thumbnail","hentry","category-consejos-venta-pisos-ca","category-consells-venda-pis"],"yoast_head":"<!-- This site is optimized with the Yoast SEO plugin v21.8 - https:\/\/yoast.com\/wordpress\/plugins\/seo\/ -->\n<title>4 consells per vendre la teva casa m\u00e9s r\u00e0pid a l&#039;estiu<\/title>\n<meta name=\"description\" content=\"Hi ha factors al sector inmobiliari espanyol que hem de tenir en compte si volem vendre una propietat r\u00e0pid i b\u00e9. A Finques Marb\u00e0 t&#039;ho expliquem.\" \/>\n<meta name=\"robots\" content=\"index, follow, max-snippet:-1, max-image-preview:large, max-video-preview:-1\" \/>\n<link rel=\"canonical\" href=\"https:\/\/www.finquesmarba.com\/ca\/4-consells-vendre-casa-rapid-estiu\/\" \/>\n<meta property=\"og:locale\" content=\"ca_ES\" \/>\n<meta property=\"og:type\" content=\"article\" \/>\n<meta property=\"og:title\" content=\"4 consells per vendre la teva casa m\u00e9s r\u00e0pid a l&#039;estiu\" \/>\n<meta property=\"og:description\" content=\"Hi ha factors al sector inmobiliari espanyol que hem de tenir en compte si volem vendre una propietat r\u00e0pid i b\u00e9. A Finques Marb\u00e0 t&#039;ho expliquem.\" \/>\n<meta property=\"og:url\" content=\"https:\/\/www.finquesmarba.com\/ca\/4-consells-vendre-casa-rapid-estiu\/\" \/>\n<meta property=\"og:site_name\" content=\"Finques Marb\u00e0\" \/>\n<meta property=\"article:publisher\" content=\"https:\/\/www.facebook.com\/finquesmarba\" \/>\n<meta property=\"article:author\" content=\"https:\/\/www.facebook.com\/finquesmarba\/\" \/>\n<meta property=\"article:published_time\" content=\"2018-07-02T11:38:13+00:00\" \/>\n<meta property=\"article:modified_time\" content=\"2018-12-13T09:37:05+00:00\" \/>\n<meta property=\"og:image\" content=\"https:\/\/www.finquesmarba.com\/wp-content\/uploads\/2018\/11\/marba-blog-4ideas.jpg\" \/>\n\t<meta property=\"og:image:width\" content=\"1200\" \/>\n\t<meta property=\"og:image:height\" content=\"675\" \/>\n\t<meta property=\"og:image:type\" content=\"image\/jpeg\" \/>\n<meta name=\"author\" content=\"Finques Marb\u00e0\" \/>\n<meta name=\"twitter:card\" content=\"summary_large_image\" \/>\n<meta name=\"twitter:label1\" content=\"Escrit per\" \/>\n\t<meta name=\"twitter:data1\" content=\"Finques Marb\u00e0\" \/>\n\t<meta name=\"twitter:label2\" content=\"Temps estimat de lectura\" \/>\n\t<meta name=\"twitter:data2\" content=\"3 minuts\" \/>\n<script type=\"application\/ld+json\" class=\"yoast-schema-graph\">{\"@context\":\"https:\/\/schema.org\",\"@graph\":[{\"@type\":\"WebPage\",\"@id\":\"https:\/\/www.finquesmarba.com\/ca\/4-consells-vendre-casa-rapid-estiu\/\",\"url\":\"https:\/\/www.finquesmarba.com\/ca\/4-consells-vendre-casa-rapid-estiu\/\",\"name\":\"4 consells per vendre la teva casa m\u00e9s r\u00e0pid a l'estiu\",\"isPartOf\":{\"@id\":\"https:\/\/www.finquesmarba.com\/#website\"},\"datePublished\":\"2018-07-02T11:38:13+00:00\",\"dateModified\":\"2018-12-13T09:37:05+00:00\",\"author\":{\"@id\":\"https:\/\/www.finquesmarba.com\/#\/schema\/person\/7e3f8cc26c0f4e7c3155ba06ce137d91\"},\"description\":\"Hi ha factors al sector inmobiliari espanyol que hem de tenir en compte si volem vendre una propietat r\u00e0pid i b\u00e9. A Finques Marb\u00e0 t'ho expliquem.\",\"breadcrumb\":{\"@id\":\"https:\/\/www.finquesmarba.com\/ca\/4-consells-vendre-casa-rapid-estiu\/#breadcrumb\"},\"inLanguage\":\"ca\",\"potentialAction\":[{\"@type\":\"ReadAction\",\"target\":[\"https:\/\/www.finquesmarba.com\/ca\/4-consells-vendre-casa-rapid-estiu\/\"]}]},{\"@type\":\"BreadcrumbList\",\"@id\":\"https:\/\/www.finquesmarba.com\/ca\/4-consells-vendre-casa-rapid-estiu\/#breadcrumb\",\"itemListElement\":[{\"@type\":\"ListItem\",\"position\":1,\"name\":\"Inici\",\"item\":\"https:\/\/www.finquesmarba.com\/ca\/\"},{\"@type\":\"ListItem\",\"position\":2,\"name\":\"4 consells per vendre la teva casa m\u00e9s r\u00e0pid aquest estiu\"}]},{\"@type\":\"WebSite\",\"@id\":\"https:\/\/www.finquesmarba.com\/#website\",\"url\":\"https:\/\/www.finquesmarba.com\/\",\"name\":\"Finques Marb\u00e0\",\"description\":\"Just another WordPress site\",\"potentialAction\":[{\"@type\":\"SearchAction\",\"target\":{\"@type\":\"EntryPoint\",\"urlTemplate\":\"https:\/\/www.finquesmarba.com\/?s={search_term_string}\"},\"query-input\":\"required name=search_term_string\"}],\"inLanguage\":\"ca\"},{\"@type\":\"Person\",\"@id\":\"https:\/\/www.finquesmarba.com\/#\/schema\/person\/7e3f8cc26c0f4e7c3155ba06ce137d91\",\"name\":\"Finques Marb\u00e0\",\"image\":{\"@type\":\"ImageObject\",\"inLanguage\":\"ca\",\"@id\":\"https:\/\/www.finquesmarba.com\/#\/schema\/person\/image\/\",\"url\":\"https:\/\/www.finquesmarba.com\/wp-content\/uploads\/2018\/11\/logotipo-marba-800800-150x150.png\",\"contentUrl\":\"https:\/\/www.finquesmarba.com\/wp-content\/uploads\/2018\/11\/logotipo-marba-800800-150x150.png\",\"caption\":\"Finques Marb\u00e0\"},\"description\":\"Marb\u00e0 es tu inmobiliaria en Barcelona. Somos una empresa dedicada al alquiler, venta, gesti\u00f3n de patrimonio, asesoramiento de inversi\u00f3n inmobiliaria y valoraciones oficiales. Te cuidamos y cuidamos que tus propiedades est\u00e9n en buenas manos.\",\"sameAs\":[\"https:\/\/www.facebook.com\/finquesmarba\/\"],\"url\":\"https:\/\/www.finquesmarba.com\/ca\/author\/marba\/\"}]}<\/script>\n<!-- \/ Yoast SEO plugin. -->","yoast_head_json":{"title":"4 consells per vendre la teva casa m\u00e9s r\u00e0pid a l'estiu","description":"Hi ha factors al sector inmobiliari espanyol que hem de tenir en compte si volem vendre una propietat r\u00e0pid i b\u00e9. A Finques Marb\u00e0 t'ho expliquem.","robots":{"index":"index","follow":"follow","max-snippet":"max-snippet:-1","max-image-preview":"max-image-preview:large","max-video-preview":"max-video-preview:-1"},"canonical":"https:\/\/www.finquesmarba.com\/ca\/4-consells-vendre-casa-rapid-estiu\/","og_locale":"ca_ES","og_type":"article","og_title":"4 consells per vendre la teva casa m\u00e9s r\u00e0pid a l'estiu","og_description":"Hi ha factors al sector inmobiliari espanyol que hem de tenir en compte si volem vendre una propietat r\u00e0pid i b\u00e9. A Finques Marb\u00e0 t'ho expliquem.","og_url":"https:\/\/www.finquesmarba.com\/ca\/4-consells-vendre-casa-rapid-estiu\/","og_site_name":"Finques Marb\u00e0","article_publisher":"https:\/\/www.facebook.com\/finquesmarba","article_author":"https:\/\/www.facebook.com\/finquesmarba\/","article_published_time":"2018-07-02T11:38:13+00:00","article_modified_time":"2018-12-13T09:37:05+00:00","og_image":[{"width":1200,"height":675,"url":"https:\/\/www.finquesmarba.com\/wp-content\/uploads\/2018\/11\/marba-blog-4ideas.jpg","type":"image\/jpeg"}],"author":"Finques Marb\u00e0","twitter_card":"summary_large_image","twitter_misc":{"Escrit per":"Finques Marb\u00e0","Temps estimat de lectura":"3 minuts"},"schema":{"@context":"https:\/\/schema.org","@graph":[{"@type":"WebPage","@id":"https:\/\/www.finquesmarba.com\/ca\/4-consells-vendre-casa-rapid-estiu\/","url":"https:\/\/www.finquesmarba.com\/ca\/4-consells-vendre-casa-rapid-estiu\/","name":"4 consells per vendre la teva casa m\u00e9s r\u00e0pid a l'estiu","isPartOf":{"@id":"https:\/\/www.finquesmarba.com\/#website"},"datePublished":"2018-07-02T11:38:13+00:00","dateModified":"2018-12-13T09:37:05+00:00","author":{"@id":"https:\/\/www.finquesmarba.com\/#\/schema\/person\/7e3f8cc26c0f4e7c3155ba06ce137d91"},"description":"Hi ha factors al sector inmobiliari espanyol que hem de tenir en compte si volem vendre una propietat r\u00e0pid i b\u00e9. A Finques Marb\u00e0 t'ho expliquem.","breadcrumb":{"@id":"https:\/\/www.finquesmarba.com\/ca\/4-consells-vendre-casa-rapid-estiu\/#breadcrumb"},"inLanguage":"ca","potentialAction":[{"@type":"ReadAction","target":["https:\/\/www.finquesmarba.com\/ca\/4-consells-vendre-casa-rapid-estiu\/"]}]},{"@type":"BreadcrumbList","@id":"https:\/\/www.finquesmarba.com\/ca\/4-consells-vendre-casa-rapid-estiu\/#breadcrumb","itemListElement":[{"@type":"ListItem","position":1,"name":"Inici","item":"https:\/\/www.finquesmarba.com\/ca\/"},{"@type":"ListItem","position":2,"name":"4 consells per vendre la teva casa m\u00e9s r\u00e0pid aquest estiu"}]},{"@type":"WebSite","@id":"https:\/\/www.finquesmarba.com\/#website","url":"https:\/\/www.finquesmarba.com\/","name":"Finques Marb\u00e0","description":"Just another WordPress site","potentialAction":[{"@type":"SearchAction","target":{"@type":"EntryPoint","urlTemplate":"https:\/\/www.finquesmarba.com\/?s={search_term_string}"},"query-input":"required name=search_term_string"}],"inLanguage":"ca"},{"@type":"Person","@id":"https:\/\/www.finquesmarba.com\/#\/schema\/person\/7e3f8cc26c0f4e7c3155ba06ce137d91","name":"Finques Marb\u00e0","image":{"@type":"ImageObject","inLanguage":"ca","@id":"https:\/\/www.finquesmarba.com\/#\/schema\/person\/image\/","url":"https:\/\/www.finquesmarba.com\/wp-content\/uploads\/2018\/11\/logotipo-marba-800800-150x150.png","contentUrl":"https:\/\/www.finquesmarba.com\/wp-content\/uploads\/2018\/11\/logotipo-marba-800800-150x150.png","caption":"Finques Marb\u00e0"},"description":"Marb\u00e0 es tu inmobiliaria en Barcelona. Somos una empresa dedicada al alquiler, venta, gesti\u00f3n de patrimonio, asesoramiento de inversi\u00f3n inmobiliaria y valoraciones oficiales. Te cuidamos y cuidamos que tus propiedades est\u00e9n en buenas manos.","sameAs":["https:\/\/www.facebook.com\/finquesmarba\/"],"url":"https:\/\/www.finquesmarba.com\/ca\/author\/marba\/"}]}},"_links":{"self":[{"href":"https:\/\/www.finquesmarba.com\/ca\/wp-json\/wp\/v2\/posts\/5424","targetHints":{"allow":["GET"]}}],"collection":[{"href":"https:\/\/www.finquesmarba.com\/ca\/wp-json\/wp\/v2\/posts"}],"about":[{"href":"https:\/\/www.finquesmarba.com\/ca\/wp-json\/wp\/v2\/types\/post"}],"author":[{"embeddable":true,"href":"https:\/\/www.finquesmarba.com\/ca\/wp-json\/wp\/v2\/users\/3"}],"replies":[{"embeddable":true,"href":"https:\/\/www.finquesmarba.com\/ca\/wp-json\/wp\/v2\/comments?post=5424"}],"version-history":[{"count":8,"href":"https:\/\/www.finquesmarba.com\/ca\/wp-json\/wp\/v2\/posts\/5424\/revisions"}],"predecessor-version":[{"id":7288,"href":"https:\/\/www.finquesmarba.com\/ca\/wp-json\/wp\/v2\/posts\/5424\/revisions\/7288"}],"wp:featuredmedia":[{"embeddable":true,"href":"https:\/\/www.finquesmarba.com\/ca\/wp-json\/wp\/v2\/media\/5355"}],"wp:attachment":[{"href":"https:\/\/www.finquesmarba.com\/ca\/wp-json\/wp\/v2\/media?parent=5424"}],"wp:term":[{"taxonomy":"category","embeddable":true,"href":"https:\/\/www.finquesmarba.com\/ca\/wp-json\/wp\/v2\/categories?post=5424"},{"taxonomy":"post_tag","embeddable":true,"href":"https:\/\/www.finquesmarba.com\/ca\/wp-json\/wp\/v2\/tags?post=5424"}],"curies":[{"name":"wp","href":"https:\/\/api.w.org\/{rel}","templated":true}]}}