{"id":38411,"date":"2020-01-30T12:15:35","date_gmt":"2020-01-30T11:15:35","guid":{"rendered":"https:\/\/www.finquesmarba.com\/?p=38411"},"modified":"2020-11-13T10:49:07","modified_gmt":"2020-11-13T09:49:07","slug":"comprar-pis-les-corts-districte-zona-alta-barcelona","status":"publish","type":"post","link":"https:\/\/www.finquesmarba.com\/ca\/comprar-pis-les-corts-districte-zona-alta-barcelona\/","title":{"rendered":"Comprar pis en Les Corts, districte m\u00e9s demandat en la Zona Alta de Barcelona"},"content":{"rendered":"<p>[et_pb_section bb_built=&#8221;1&#8243; inner_width=&#8221;auto&#8221; inner_max_width=&#8221;none&#8221;][et_pb_row][et_pb_column type=&#8221;4_4&#8243; custom_padding__hover=&#8221;|||&#8221; custom_padding=&#8221;|||&#8221;][et_pb_text _builder_version=&#8221;3.26.5&#8243; text_text_shadow_horizontal_length=&#8221;text_text_shadow_style,%91object Object%93&#8243; text_text_shadow_horizontal_length_tablet=&#8221;0px&#8221; text_text_shadow_vertical_length=&#8221;text_text_shadow_style,%91object Object%93&#8243; text_text_shadow_vertical_length_tablet=&#8221;0px&#8221; text_text_shadow_blur_strength=&#8221;text_text_shadow_style,%91object Object%93&#8243; text_text_shadow_blur_strength_tablet=&#8221;1px&#8221; link_text_shadow_horizontal_length=&#8221;link_text_shadow_style,%91object Object%93&#8243; link_text_shadow_horizontal_length_tablet=&#8221;0px&#8221; link_text_shadow_vertical_length=&#8221;link_text_shadow_style,%91object Object%93&#8243; link_text_shadow_vertical_length_tablet=&#8221;0px&#8221; link_text_shadow_blur_strength=&#8221;link_text_shadow_style,%91object Object%93&#8243; link_text_shadow_blur_strength_tablet=&#8221;1px&#8221; ul_text_shadow_horizontal_length=&#8221;ul_text_shadow_style,%91object Object%93&#8243; ul_text_shadow_horizontal_length_tablet=&#8221;0px&#8221; ul_text_shadow_vertical_length=&#8221;ul_text_shadow_style,%91object Object%93&#8243; ul_text_shadow_vertical_length_tablet=&#8221;0px&#8221; ul_text_shadow_blur_strength=&#8221;ul_text_shadow_style,%91object Object%93&#8243; ul_text_shadow_blur_strength_tablet=&#8221;1px&#8221; ol_text_shadow_horizontal_length=&#8221;ol_text_shadow_style,%91object Object%93&#8243; ol_text_shadow_horizontal_length_tablet=&#8221;0px&#8221; ol_text_shadow_vertical_length=&#8221;ol_text_shadow_style,%91object Object%93&#8243; ol_text_shadow_vertical_length_tablet=&#8221;0px&#8221; ol_text_shadow_blur_strength=&#8221;ol_text_shadow_style,%91object Object%93&#8243; ol_text_shadow_blur_strength_tablet=&#8221;1px&#8221; quote_text_shadow_horizontal_length=&#8221;quote_text_shadow_style,%91object Object%93&#8243; quote_text_shadow_horizontal_length_tablet=&#8221;0px&#8221; quote_text_shadow_vertical_length=&#8221;quote_text_shadow_style,%91object Object%93&#8243; quote_text_shadow_vertical_length_tablet=&#8221;0px&#8221; quote_text_shadow_blur_strength=&#8221;quote_text_shadow_style,%91object Object%93&#8243; quote_text_shadow_blur_strength_tablet=&#8221;1px&#8221; header_text_shadow_horizontal_length=&#8221;header_text_shadow_style,%91object Object%93&#8243; header_text_shadow_horizontal_length_tablet=&#8221;0px&#8221; header_text_shadow_vertical_length=&#8221;header_text_shadow_style,%91object Object%93&#8243; header_text_shadow_vertical_length_tablet=&#8221;0px&#8221; header_text_shadow_blur_strength=&#8221;header_text_shadow_style,%91object Object%93&#8243; header_text_shadow_blur_strength_tablet=&#8221;1px&#8221; header_2_text_shadow_horizontal_length=&#8221;header_2_text_shadow_style,%91object Object%93&#8243; header_2_text_shadow_horizontal_length_tablet=&#8221;0px&#8221; header_2_text_shadow_vertical_length=&#8221;header_2_text_shadow_style,%91object Object%93&#8243; header_2_text_shadow_vertical_length_tablet=&#8221;0px&#8221; header_2_text_shadow_blur_strength=&#8221;header_2_text_shadow_style,%91object Object%93&#8243; header_2_text_shadow_blur_strength_tablet=&#8221;1px&#8221; header_3_text_shadow_horizontal_length=&#8221;header_3_text_shadow_style,%91object Object%93&#8243; header_3_text_shadow_horizontal_length_tablet=&#8221;0px&#8221; header_3_text_shadow_vertical_length=&#8221;header_3_text_shadow_style,%91object Object%93&#8243; header_3_text_shadow_vertical_length_tablet=&#8221;0px&#8221; header_3_text_shadow_blur_strength=&#8221;header_3_text_shadow_style,%91object Object%93&#8243; header_3_text_shadow_blur_strength_tablet=&#8221;1px&#8221; header_4_text_shadow_horizontal_length=&#8221;header_4_text_shadow_style,%91object Object%93&#8243; header_4_text_shadow_horizontal_length_tablet=&#8221;0px&#8221; header_4_text_shadow_vertical_length=&#8221;header_4_text_shadow_style,%91object Object%93&#8243; header_4_text_shadow_vertical_length_tablet=&#8221;0px&#8221; header_4_text_shadow_blur_strength=&#8221;header_4_text_shadow_style,%91object Object%93&#8243; header_4_text_shadow_blur_strength_tablet=&#8221;1px&#8221; header_5_text_shadow_horizontal_length=&#8221;header_5_text_shadow_style,%91object Object%93&#8243; header_5_text_shadow_horizontal_length_tablet=&#8221;0px&#8221; header_5_text_shadow_vertical_length=&#8221;header_5_text_shadow_style,%91object Object%93&#8243; header_5_text_shadow_vertical_length_tablet=&#8221;0px&#8221; header_5_text_shadow_blur_strength=&#8221;header_5_text_shadow_style,%91object Object%93&#8243; header_5_text_shadow_blur_strength_tablet=&#8221;1px&#8221; header_6_text_shadow_horizontal_length=&#8221;header_6_text_shadow_style,%91object Object%93&#8243; header_6_text_shadow_horizontal_length_tablet=&#8221;0px&#8221; header_6_text_shadow_vertical_length=&#8221;header_6_text_shadow_style,%91object Object%93&#8243; header_6_text_shadow_vertical_length_tablet=&#8221;0px&#8221; header_6_text_shadow_blur_strength=&#8221;header_6_text_shadow_style,%91object Object%93&#8243; header_6_text_shadow_blur_strength_tablet=&#8221;1px&#8221; box_shadow_horizontal_tablet=&#8221;0px&#8221; box_shadow_vertical_tablet=&#8221;0px&#8221; box_shadow_blur_tablet=&#8221;40px&#8221; box_shadow_spread_tablet=&#8221;0px&#8221; z_index_tablet=&#8221;500&#8243;]<\/p>\n<h2>Vols comprar el teu pis en Les Corts de Barcelona? T&#8217;ajudem<\/h2>\n<div class=\"form-control second-textarea\">\u00a0<\/div>\n<div>\u00a0<\/div>\n<p style=\"text-align: left;\">Est\u00e0s pensant a <strong>comprar un pis a Barcelona<\/strong>? La ciutat comtal \u00e9s una de les m\u00e9s demandades a nivell nacional i internacional per a <strong>comprar un pis<\/strong> degut a la seva rendibilitat. Les Corts s&#8217;ha convertit en l&#8217;elecci\u00f3 favorita de la <strong>Zona Alta de Barcelona<\/strong> pels seus ve\u00efns, a causa de la seva c\u00f2moda qualitat de vida,\u00a0 localitzaci\u00f3 estrat\u00e8gica i l&#8217;\u00e0mplia oferta de serveis per a fam\u00edlies. A continuaci\u00f3 t&#8217;expliquem\u00a0<strong>per qu\u00e8 et conv\u00e9 comprar un pis en Les Corts<\/strong> amb unai mmobili\u00e0ria de Barcelona.<\/p>\n<p>&nbsp;<\/p>\n<p style=\"text-align: left;\">En\u00a0Marb\u00e0,<strong> immobili\u00e0ria de Barcelona,<\/strong> comptem amb una traject\u00f2ria de m\u00e9s de 80 anys en el <strong>sector immobiliari<\/strong>, especialment en la zona alta de Barcelona, la qual cosa ens ha fet adquirir un gran coneixement del mercat. Posem a la teva disposici\u00f3 els millors professionals i\u00a0<strong>experts immobiliaris de Barcelona<\/strong>\u00a0per a acompanyar-te al llarg del proc\u00e9s i assessorar-te segons les teves necessitats concretes.<\/p>\n<p style=\"text-align: left;\">\n<\/p>\n<p>[\/et_pb_text][et_pb_divider _builder_version=&#8221;3.13.1&#8243; color=&#8221;#ED6861&#8243; divider_weight=&#8221;5px&#8221; height=&#8221;25px&#8221; \/][et_pb_button _builder_version=&#8221;3.26.5&#8243; button_text=&#8221;Compra el teu pis en la Zona Alta de Barcelona amb Marb\u00e0 per a assessorar-te&#8221; button_alignment=&#8221;center&#8221; button_text_shadow_horizontal_length=&#8221;button_text_shadow_style,%91object Object%93&#8243; button_text_shadow_horizontal_length_tablet=&#8221;0px&#8221; button_text_shadow_vertical_length=&#8221;button_text_shadow_style,%91object Object%93&#8243; button_text_shadow_vertical_length_tablet=&#8221;0px&#8221; button_text_shadow_blur_strength=&#8221;button_text_shadow_style,%91object Object%93&#8243; button_text_shadow_blur_strength_tablet=&#8221;1px&#8221; box_shadow_horizontal_tablet=&#8221;0px&#8221; box_shadow_vertical_tablet=&#8221;0px&#8221; box_shadow_blur_tablet=&#8221;40px&#8221; box_shadow_spread_tablet=&#8221;0px&#8221; z_index_tablet=&#8221;500&#8243; button_url=&#8221;https:\/\/www.finquesmarba.com\/contacto\/&#8221; \/][et_pb_divider _builder_version=&#8221;3.26.5&#8243; box_shadow_horizontal_tablet=&#8221;0px&#8221; box_shadow_vertical_tablet=&#8221;0px&#8221; box_shadow_blur_tablet=&#8221;40px&#8221; box_shadow_spread_tablet=&#8221;0px&#8221; z_index_tablet=&#8221;500&#8243; \/][et_pb_text _builder_version=&#8221;3.26.5&#8243; text_text_shadow_horizontal_length=&#8221;text_text_shadow_style,%91object Object%93&#8243; text_text_shadow_horizontal_length_tablet=&#8221;0px&#8221; text_text_shadow_vertical_length=&#8221;text_text_shadow_style,%91object Object%93&#8243; text_text_shadow_vertical_length_tablet=&#8221;0px&#8221; text_text_shadow_blur_strength=&#8221;text_text_shadow_style,%91object Object%93&#8243; text_text_shadow_blur_strength_tablet=&#8221;1px&#8221; link_text_shadow_horizontal_length=&#8221;link_text_shadow_style,%91object Object%93&#8243; link_text_shadow_horizontal_length_tablet=&#8221;0px&#8221; link_text_shadow_vertical_length=&#8221;link_text_shadow_style,%91object Object%93&#8243; link_text_shadow_vertical_length_tablet=&#8221;0px&#8221; link_text_shadow_blur_strength=&#8221;link_text_shadow_style,%91object Object%93&#8243; link_text_shadow_blur_strength_tablet=&#8221;1px&#8221; ul_text_shadow_horizontal_length=&#8221;ul_text_shadow_style,%91object Object%93&#8243; ul_text_shadow_horizontal_length_tablet=&#8221;0px&#8221; ul_text_shadow_vertical_length=&#8221;ul_text_shadow_style,%91object Object%93&#8243; ul_text_shadow_vertical_length_tablet=&#8221;0px&#8221; ul_text_shadow_blur_strength=&#8221;ul_text_shadow_style,%91object Object%93&#8243; ul_text_shadow_blur_strength_tablet=&#8221;1px&#8221; ol_text_shadow_horizontal_length=&#8221;ol_text_shadow_style,%91object Object%93&#8243; ol_text_shadow_horizontal_length_tablet=&#8221;0px&#8221; ol_text_shadow_vertical_length=&#8221;ol_text_shadow_style,%91object Object%93&#8243; ol_text_shadow_vertical_length_tablet=&#8221;0px&#8221; ol_text_shadow_blur_strength=&#8221;ol_text_shadow_style,%91object Object%93&#8243; ol_text_shadow_blur_strength_tablet=&#8221;1px&#8221; quote_text_shadow_horizontal_length=&#8221;quote_text_shadow_style,%91object Object%93&#8243; quote_text_shadow_horizontal_length_tablet=&#8221;0px&#8221; quote_text_shadow_vertical_length=&#8221;quote_text_shadow_style,%91object Object%93&#8243; quote_text_shadow_vertical_length_tablet=&#8221;0px&#8221; quote_text_shadow_blur_strength=&#8221;quote_text_shadow_style,%91object Object%93&#8243; quote_text_shadow_blur_strength_tablet=&#8221;1px&#8221; header_text_shadow_horizontal_length=&#8221;header_text_shadow_style,%91object Object%93&#8243; header_text_shadow_horizontal_length_tablet=&#8221;0px&#8221; header_text_shadow_vertical_length=&#8221;header_text_shadow_style,%91object Object%93&#8243; header_text_shadow_vertical_length_tablet=&#8221;0px&#8221; header_text_shadow_blur_strength=&#8221;header_text_shadow_style,%91object Object%93&#8243; header_text_shadow_blur_strength_tablet=&#8221;1px&#8221; header_2_text_shadow_horizontal_length=&#8221;header_2_text_shadow_style,%91object Object%93&#8243; header_2_text_shadow_horizontal_length_tablet=&#8221;0px&#8221; header_2_text_shadow_vertical_length=&#8221;header_2_text_shadow_style,%91object Object%93&#8243; header_2_text_shadow_vertical_length_tablet=&#8221;0px&#8221; header_2_text_shadow_blur_strength=&#8221;header_2_text_shadow_style,%91object Object%93&#8243; header_2_text_shadow_blur_strength_tablet=&#8221;1px&#8221; header_3_text_shadow_horizontal_length=&#8221;header_3_text_shadow_style,%91object Object%93&#8243; header_3_text_shadow_horizontal_length_tablet=&#8221;0px&#8221; header_3_text_shadow_vertical_length=&#8221;header_3_text_shadow_style,%91object Object%93&#8243; header_3_text_shadow_vertical_length_tablet=&#8221;0px&#8221; header_3_text_shadow_blur_strength=&#8221;header_3_text_shadow_style,%91object Object%93&#8243; header_3_text_shadow_blur_strength_tablet=&#8221;1px&#8221; header_4_text_shadow_horizontal_length=&#8221;header_4_text_shadow_style,%91object Object%93&#8243; header_4_text_shadow_horizontal_length_tablet=&#8221;0px&#8221; header_4_text_shadow_vertical_length=&#8221;header_4_text_shadow_style,%91object Object%93&#8243; header_4_text_shadow_vertical_length_tablet=&#8221;0px&#8221; header_4_text_shadow_blur_strength=&#8221;header_4_text_shadow_style,%91object Object%93&#8243; header_4_text_shadow_blur_strength_tablet=&#8221;1px&#8221; header_5_text_shadow_horizontal_length=&#8221;header_5_text_shadow_style,%91object Object%93&#8243; header_5_text_shadow_horizontal_length_tablet=&#8221;0px&#8221; header_5_text_shadow_vertical_length=&#8221;header_5_text_shadow_style,%91object Object%93&#8243; header_5_text_shadow_vertical_length_tablet=&#8221;0px&#8221; header_5_text_shadow_blur_strength=&#8221;header_5_text_shadow_style,%91object Object%93&#8243; header_5_text_shadow_blur_strength_tablet=&#8221;1px&#8221; header_6_text_shadow_horizontal_length=&#8221;header_6_text_shadow_style,%91object Object%93&#8243; header_6_text_shadow_horizontal_length_tablet=&#8221;0px&#8221; header_6_text_shadow_vertical_length=&#8221;header_6_text_shadow_style,%91object Object%93&#8243; header_6_text_shadow_vertical_length_tablet=&#8221;0px&#8221; header_6_text_shadow_blur_strength=&#8221;header_6_text_shadow_style,%91object Object%93&#8243; header_6_text_shadow_blur_strength_tablet=&#8221;1px&#8221; box_shadow_horizontal_tablet=&#8221;0px&#8221; box_shadow_vertical_tablet=&#8221;0px&#8221; box_shadow_blur_tablet=&#8221;40px&#8221; box_shadow_spread_tablet=&#8221;0px&#8221; z_index_tablet=&#8221;500&#8243;]<\/p>\n<h2><strong>Les Corts, <\/strong>el districte m\u00e9s demandat de la Zona Alta de Barcelona<\/h2>\n<div class=\"traductor-checkbox form-group\">\n<div class=\"row\">\u00a0<\/div>\n<\/div>\n<p>El <strong>districte de Les Corts<\/strong> s&#8217;ha convertit en el m\u00e9s demandat de la Zona Alta de Barcelona, tant per fam\u00edlies i particulars locals i internacionals, segons recull un estudi realitzat per Idealista.<\/p>\n<p>La <strong>Pla\u00e7a de la\u00a0Conc\u00f2rdia<\/strong>, situada en el cor de les Corts, est\u00e0 de moda per a viure. Destaca pel seu ambient acollidor, t\u00edpic de barri, en el qual les fam\u00edlies acostumen a passar les hores per a menjar braves i delectar les figues de C\u00e0ceres farcits de t\u00f2fones.<\/p>\n<p>&nbsp;<\/p>\n<h3><strong>Per qu\u00e8 comprar un pis en Les Corts, el districte m\u00e9s tranquil i exclusiu de la Zona Alta de Barcelona<\/strong><\/h3>\n<p>&nbsp;<\/p>\n<div class=\"traductor-checkbox form-group\">\n<div class=\"row\">\u00a0<\/div>\n<\/div>\n<p><strong>La compra d&#8217;un pis en Les Corts<\/strong> \u00e9s una opci\u00f3 molt interessant, ja que aquest barri destaca per la seva excel\u00b7lent puntuaci\u00f3 de ve\u00efns. L&#8217;Ajuntament de Barcelona va realitzar una enquesta sobre els serveis municipals de la ciutat comtal. El districte de les Corts va obtenir la nota mitjana m\u00e9s alta, amb un 8,2%, seguit de\u00a0Sarri\u00e0\u00a0\u2013 Sant Gervasi (8,1%) i Gr\u00e0cia (8%). \u00a0<\/p>\n<p>&nbsp;<\/p>\n<p>La comunitat de ve\u00efns i comerciants subratllaven la tranquil\u00b7litat i harmonia de les Corts, valorat amb un 37% en l&#8217;informe, seguit de l&#8217;ambient familiar i cordial entre ve\u00efns (11,1%), el bon manteniment del seu urbanisme (8,4%), la seva bona ubicaci\u00f3 (7,9%) i les zones verdes (6%).<\/p>\n<p>&nbsp;<\/p>\n<p>El barri de les Corts \u00e9s el tercer menys poblat a Barcelona, amb 82.182 habitants per quil\u00f2metres quadrats. Encara que cada vegada s\u00f3n m\u00e9s les fam\u00edlies que decideixen comen\u00e7ar una nova vida, comprant-se un pis en Les Corts.<\/p>\n<h4>\u00a0<\/h4>\n<h4><strong>Localitzaci\u00f3 estrat\u00e8gica<\/strong><\/h4>\n<p>&nbsp;<\/p>\n<div class=\"traductor-checkbox form-group\">\n<div class=\"row\">\u00a0<\/div>\n<\/div>\n<p>El districte de les Corts gaudeix d&#8217;una excel\u00b7lent ubicaci\u00f3, ja que limita amb el districte de\u00a0Sarri\u00e0-\u00a0Sant Gervasi al nord, Sants- Montju\u00efc al sud-est, els municipis de l&#8217;Hospitalet de Llobregat al sud,\u00a0Eplugas\u00a0de Llobregat a l&#8217;oest i Sant Just Desvern pel nord-oest.<\/p>\n<p>&nbsp;<\/p>\n<p>El barri de les Corts ha finalitzat correctament el primer diagn\u00f2stic d&#8217;accessibilitat de Barcelona, realitzat recentment per l&#8217;Ajuntament. Les Corts est\u00e0 perfectament comunicat pel Metre (L1), els trens (R11, R2N, R4, S5) i v\u00e0ria combinaci\u00f3 d&#8217;autobusos (H12, H8, 59, 63, V7).<\/p>\n<p>[\/et_pb_text][\/et_pb_column][\/et_pb_row][et_pb_row][et_pb_column type=&#8221;4_4&#8243; custom_padding__hover=&#8221;|||&#8221; custom_padding=&#8221;|||&#8221;][et_pb_divider _builder_version=&#8221;3.26.5&#8243; box_shadow_horizontal_tablet=&#8221;0px&#8221; box_shadow_vertical_tablet=&#8221;0px&#8221; box_shadow_blur_tablet=&#8221;40px&#8221; box_shadow_spread_tablet=&#8221;0px&#8221; z_index_tablet=&#8221;500&#8243; \/][et_pb_text _builder_version=&#8221;3.26.5&#8243; text_text_shadow_horizontal_length=&#8221;text_text_shadow_style,%91object Object%93&#8243; text_text_shadow_horizontal_length_tablet=&#8221;0px&#8221; text_text_shadow_vertical_length=&#8221;text_text_shadow_style,%91object Object%93&#8243; text_text_shadow_vertical_length_tablet=&#8221;0px&#8221; text_text_shadow_blur_strength=&#8221;text_text_shadow_style,%91object Object%93&#8243; text_text_shadow_blur_strength_tablet=&#8221;1px&#8221; link_text_shadow_horizontal_length=&#8221;link_text_shadow_style,%91object Object%93&#8243; link_text_shadow_horizontal_length_tablet=&#8221;0px&#8221; link_text_shadow_vertical_length=&#8221;link_text_shadow_style,%91object Object%93&#8243; link_text_shadow_vertical_length_tablet=&#8221;0px&#8221; link_text_shadow_blur_strength=&#8221;link_text_shadow_style,%91object Object%93&#8243; link_text_shadow_blur_strength_tablet=&#8221;1px&#8221; ul_text_shadow_horizontal_length=&#8221;ul_text_shadow_style,%91object Object%93&#8243; ul_text_shadow_horizontal_length_tablet=&#8221;0px&#8221; ul_text_shadow_vertical_length=&#8221;ul_text_shadow_style,%91object Object%93&#8243; ul_text_shadow_vertical_length_tablet=&#8221;0px&#8221; ul_text_shadow_blur_strength=&#8221;ul_text_shadow_style,%91object Object%93&#8243; ul_text_shadow_blur_strength_tablet=&#8221;1px&#8221; ol_text_shadow_horizontal_length=&#8221;ol_text_shadow_style,%91object Object%93&#8243; ol_text_shadow_horizontal_length_tablet=&#8221;0px&#8221; ol_text_shadow_vertical_length=&#8221;ol_text_shadow_style,%91object Object%93&#8243; ol_text_shadow_vertical_length_tablet=&#8221;0px&#8221; ol_text_shadow_blur_strength=&#8221;ol_text_shadow_style,%91object Object%93&#8243; ol_text_shadow_blur_strength_tablet=&#8221;1px&#8221; quote_text_shadow_horizontal_length=&#8221;quote_text_shadow_style,%91object Object%93&#8243; quote_text_shadow_horizontal_length_tablet=&#8221;0px&#8221; quote_text_shadow_vertical_length=&#8221;quote_text_shadow_style,%91object Object%93&#8243; quote_text_shadow_vertical_length_tablet=&#8221;0px&#8221; quote_text_shadow_blur_strength=&#8221;quote_text_shadow_style,%91object Object%93&#8243; quote_text_shadow_blur_strength_tablet=&#8221;1px&#8221; header_text_shadow_horizontal_length=&#8221;header_text_shadow_style,%91object Object%93&#8243; header_text_shadow_horizontal_length_tablet=&#8221;0px&#8221; header_text_shadow_vertical_length=&#8221;header_text_shadow_style,%91object Object%93&#8243; header_text_shadow_vertical_length_tablet=&#8221;0px&#8221; header_text_shadow_blur_strength=&#8221;header_text_shadow_style,%91object Object%93&#8243; header_text_shadow_blur_strength_tablet=&#8221;1px&#8221; header_2_text_shadow_horizontal_length=&#8221;header_2_text_shadow_style,%91object Object%93&#8243; header_2_text_shadow_horizontal_length_tablet=&#8221;0px&#8221; header_2_text_shadow_vertical_length=&#8221;header_2_text_shadow_style,%91object Object%93&#8243; header_2_text_shadow_vertical_length_tablet=&#8221;0px&#8221; header_2_text_shadow_blur_strength=&#8221;header_2_text_shadow_style,%91object Object%93&#8243; header_2_text_shadow_blur_strength_tablet=&#8221;1px&#8221; header_3_text_shadow_horizontal_length=&#8221;header_3_text_shadow_style,%91object Object%93&#8243; header_3_text_shadow_horizontal_length_tablet=&#8221;0px&#8221; header_3_text_shadow_vertical_length=&#8221;header_3_text_shadow_style,%91object Object%93&#8243; header_3_text_shadow_vertical_length_tablet=&#8221;0px&#8221; header_3_text_shadow_blur_strength=&#8221;header_3_text_shadow_style,%91object Object%93&#8243; header_3_text_shadow_blur_strength_tablet=&#8221;1px&#8221; header_4_text_shadow_horizontal_length=&#8221;header_4_text_shadow_style,%91object Object%93&#8243; header_4_text_shadow_horizontal_length_tablet=&#8221;0px&#8221; header_4_text_shadow_vertical_length=&#8221;header_4_text_shadow_style,%91object Object%93&#8243; header_4_text_shadow_vertical_length_tablet=&#8221;0px&#8221; header_4_text_shadow_blur_strength=&#8221;header_4_text_shadow_style,%91object Object%93&#8243; header_4_text_shadow_blur_strength_tablet=&#8221;1px&#8221; header_5_text_shadow_horizontal_length=&#8221;header_5_text_shadow_style,%91object Object%93&#8243; header_5_text_shadow_horizontal_length_tablet=&#8221;0px&#8221; header_5_text_shadow_vertical_length=&#8221;header_5_text_shadow_style,%91object Object%93&#8243; header_5_text_shadow_vertical_length_tablet=&#8221;0px&#8221; header_5_text_shadow_blur_strength=&#8221;header_5_text_shadow_style,%91object Object%93&#8243; header_5_text_shadow_blur_strength_tablet=&#8221;1px&#8221; header_6_text_shadow_horizontal_length=&#8221;header_6_text_shadow_style,%91object Object%93&#8243; header_6_text_shadow_horizontal_length_tablet=&#8221;0px&#8221; header_6_text_shadow_vertical_length=&#8221;header_6_text_shadow_style,%91object Object%93&#8243; header_6_text_shadow_vertical_length_tablet=&#8221;0px&#8221; header_6_text_shadow_blur_strength=&#8221;header_6_text_shadow_style,%91object Object%93&#8243; header_6_text_shadow_blur_strength_tablet=&#8221;1px&#8221; box_shadow_horizontal_tablet=&#8221;0px&#8221; box_shadow_vertical_tablet=&#8221;0px&#8221; box_shadow_blur_tablet=&#8221;40px&#8221; box_shadow_spread_tablet=&#8221;0px&#8221; z_index_tablet=&#8221;500&#8243;]<\/p>\n<h2><strong>On puc comprar un pis en Les Corts?<\/strong><\/h2>\n<div>\u00a0<\/div>\n<p>&nbsp;<\/p>\n<p>Les Corts presumeix per la seva ess\u00e8ncia de poble, les seves tranquil\u00b7es zones residencials i parcs cuidats.<\/p>\n<p>&nbsp;<\/p>\n<p>Les Corts s&#8217;agrupa en tres barris:<\/p>\n<p>&nbsp;<\/p>\n<ul>\n<li><strong>La Maternitat i Sant Ram\u00f3n: Camp Nou y Riera Blanca.<br \/><\/strong>\n<p>&nbsp;<\/p>\n<\/li>\n<li><strong>Les Corts<br \/><\/strong>\n<p>&nbsp;<\/p>\n<\/li>\n<li><strong>Pedralbes<\/strong><\/li>\n<\/ul>\n<p>&nbsp;<\/p>\n<h3><strong>Maternitat i Sant Ram\u00f3n, molt prop de Camp Nou\u00a0<\/strong><\/h3>\n<p>&nbsp;<\/p>\n<p>La zona de Maternitat destaca per ser la<strong> Zona Universit\u00e0ria<\/strong> por excel\u00b7\u00e8ncia, la seva proximitat al <strong>Camp Nou<\/strong>, el Real Club de Polo, el cementeri de Les Corts, los bonics jardins de la Maternitat.<\/p>\n<div class=\"traductor-textarea form-group\">\n<div class=\"textarea-desti col-xs-12 col-sm-6\">\u00a0<\/div>\n<\/div>\n<p>&nbsp;<\/p>\n<h3><strong>Les Corts<\/strong><\/h3>\n<p>&nbsp;<\/p>\n<p>L&#8217; avinguda de <strong>Diagonal<\/strong> y <strong>Gran Via de Carles III<\/strong> destaca por les noves propietats reformades, moblades, amb salons lluminosos, habitacions dobles \u00e0mplies a exterior i preus bastant assequibles per a families o treballadors de classe mitjana.<\/p>\n<p>&nbsp;<\/p>\n<h3><strong>Pedralbes, el barri m\u00e9s exclusiu de la zona alta de Barcelona\u00a0<\/strong><\/h3>\n<p>&nbsp;<\/p>\n<p style=\"text-align: left;\">L&#8217;exclusiu barri de Pedralbes \u00e9s el m\u00e9s triat per l&#8217;alta societat de Barcelona. Trobar\u00e0s un ambient idoni per a passejar per l&#8217;Avinguda de Pearson.<\/p>\n<p style=\"text-align: left;\">Cases de recent construcci\u00f3, d&#8217;alt\u00a0standing\u00a0amb piscines i jardins. Escoles reconegudes nacionalment pel seu prestigi, com\u00a0ESADE\u00a0i el\u00a0IESE, o prestigiosos hospitals, com Sant Joan de\u00a0Deu.<\/p>\n<p style=\"text-align: left;\">\n<p>[\/et_pb_text][et_pb_divider _builder_version=&#8221;3.13.1&#8243; color=&#8221;#ED6861&#8243; divider_weight=&#8221;5px&#8221; height=&#8221;25px&#8221; \/][et_pb_button _builder_version=&#8221;3.26.5&#8243; button_text=&#8221;Compra un pis a Pedralbes i viu en el barri m\u00e9s exclusiu de Barcelona&#8221; button_alignment=&#8221;center&#8221; button_text_shadow_horizontal_length=&#8221;button_text_shadow_style,%91object Object%93&#8243; button_text_shadow_horizontal_length_tablet=&#8221;0px&#8221; button_text_shadow_vertical_length=&#8221;button_text_shadow_style,%91object Object%93&#8243; button_text_shadow_vertical_length_tablet=&#8221;0px&#8221; button_text_shadow_blur_strength=&#8221;button_text_shadow_style,%91object Object%93&#8243; button_text_shadow_blur_strength_tablet=&#8221;1px&#8221; box_shadow_horizontal_tablet=&#8221;0px&#8221; box_shadow_vertical_tablet=&#8221;0px&#8221; box_shadow_blur_tablet=&#8221;40px&#8221; box_shadow_spread_tablet=&#8221;0px&#8221; z_index_tablet=&#8221;500&#8243; button_url=&#8221;https:\/\/www.finquesmarba.com\/contacto\/&#8221; \/][\/et_pb_column][\/et_pb_row][et_pb_row][et_pb_column type=&#8221;4_4&#8243; custom_padding__hover=&#8221;|||&#8221; custom_padding=&#8221;|||&#8221;][et_pb_divider _builder_version=&#8221;3.26.5&#8243; box_shadow_horizontal_tablet=&#8221;0px&#8221; box_shadow_vertical_tablet=&#8221;0px&#8221; box_shadow_blur_tablet=&#8221;40px&#8221; box_shadow_spread_tablet=&#8221;0px&#8221; z_index_tablet=&#8221;500&#8243; \/][et_pb_text _builder_version=&#8221;3.26.5&#8243; text_text_shadow_horizontal_length=&#8221;text_text_shadow_style,%91object Object%93&#8243; text_text_shadow_horizontal_length_tablet=&#8221;0px&#8221; text_text_shadow_vertical_length=&#8221;text_text_shadow_style,%91object Object%93&#8243; text_text_shadow_vertical_length_tablet=&#8221;0px&#8221; text_text_shadow_blur_strength=&#8221;text_text_shadow_style,%91object Object%93&#8243; text_text_shadow_blur_strength_tablet=&#8221;1px&#8221; link_text_shadow_horizontal_length=&#8221;link_text_shadow_style,%91object Object%93&#8243; link_text_shadow_horizontal_length_tablet=&#8221;0px&#8221; link_text_shadow_vertical_length=&#8221;link_text_shadow_style,%91object Object%93&#8243; link_text_shadow_vertical_length_tablet=&#8221;0px&#8221; link_text_shadow_blur_strength=&#8221;link_text_shadow_style,%91object Object%93&#8243; link_text_shadow_blur_strength_tablet=&#8221;1px&#8221; ul_text_shadow_horizontal_length=&#8221;ul_text_shadow_style,%91object Object%93&#8243; ul_text_shadow_horizontal_length_tablet=&#8221;0px&#8221; ul_text_shadow_vertical_length=&#8221;ul_text_shadow_style,%91object Object%93&#8243; ul_text_shadow_vertical_length_tablet=&#8221;0px&#8221; ul_text_shadow_blur_strength=&#8221;ul_text_shadow_style,%91object Object%93&#8243; ul_text_shadow_blur_strength_tablet=&#8221;1px&#8221; ol_text_shadow_horizontal_length=&#8221;ol_text_shadow_style,%91object Object%93&#8243; ol_text_shadow_horizontal_length_tablet=&#8221;0px&#8221; ol_text_shadow_vertical_length=&#8221;ol_text_shadow_style,%91object Object%93&#8243; ol_text_shadow_vertical_length_tablet=&#8221;0px&#8221; ol_text_shadow_blur_strength=&#8221;ol_text_shadow_style,%91object Object%93&#8243; ol_text_shadow_blur_strength_tablet=&#8221;1px&#8221; quote_text_shadow_horizontal_length=&#8221;quote_text_shadow_style,%91object Object%93&#8243; quote_text_shadow_horizontal_length_tablet=&#8221;0px&#8221; quote_text_shadow_vertical_length=&#8221;quote_text_shadow_style,%91object Object%93&#8243; quote_text_shadow_vertical_length_tablet=&#8221;0px&#8221; quote_text_shadow_blur_strength=&#8221;quote_text_shadow_style,%91object Object%93&#8243; quote_text_shadow_blur_strength_tablet=&#8221;1px&#8221; header_text_shadow_horizontal_length=&#8221;header_text_shadow_style,%91object Object%93&#8243; header_text_shadow_horizontal_length_tablet=&#8221;0px&#8221; header_text_shadow_vertical_length=&#8221;header_text_shadow_style,%91object Object%93&#8243; header_text_shadow_vertical_length_tablet=&#8221;0px&#8221; header_text_shadow_blur_strength=&#8221;header_text_shadow_style,%91object Object%93&#8243; header_text_shadow_blur_strength_tablet=&#8221;1px&#8221; header_2_text_shadow_horizontal_length=&#8221;header_2_text_shadow_style,%91object Object%93&#8243; header_2_text_shadow_horizontal_length_tablet=&#8221;0px&#8221; header_2_text_shadow_vertical_length=&#8221;header_2_text_shadow_style,%91object Object%93&#8243; header_2_text_shadow_vertical_length_tablet=&#8221;0px&#8221; header_2_text_shadow_blur_strength=&#8221;header_2_text_shadow_style,%91object Object%93&#8243; header_2_text_shadow_blur_strength_tablet=&#8221;1px&#8221; header_3_text_shadow_horizontal_length=&#8221;header_3_text_shadow_style,%91object Object%93&#8243; header_3_text_shadow_horizontal_length_tablet=&#8221;0px&#8221; header_3_text_shadow_vertical_length=&#8221;header_3_text_shadow_style,%91object Object%93&#8243; header_3_text_shadow_vertical_length_tablet=&#8221;0px&#8221; header_3_text_shadow_blur_strength=&#8221;header_3_text_shadow_style,%91object Object%93&#8243; header_3_text_shadow_blur_strength_tablet=&#8221;1px&#8221; header_4_text_shadow_horizontal_length=&#8221;header_4_text_shadow_style,%91object Object%93&#8243; header_4_text_shadow_horizontal_length_tablet=&#8221;0px&#8221; header_4_text_shadow_vertical_length=&#8221;header_4_text_shadow_style,%91object Object%93&#8243; header_4_text_shadow_vertical_length_tablet=&#8221;0px&#8221; header_4_text_shadow_blur_strength=&#8221;header_4_text_shadow_style,%91object Object%93&#8243; header_4_text_shadow_blur_strength_tablet=&#8221;1px&#8221; header_5_text_shadow_horizontal_length=&#8221;header_5_text_shadow_style,%91object Object%93&#8243; header_5_text_shadow_horizontal_length_tablet=&#8221;0px&#8221; header_5_text_shadow_vertical_length=&#8221;header_5_text_shadow_style,%91object Object%93&#8243; header_5_text_shadow_vertical_length_tablet=&#8221;0px&#8221; header_5_text_shadow_blur_strength=&#8221;header_5_text_shadow_style,%91object Object%93&#8243; header_5_text_shadow_blur_strength_tablet=&#8221;1px&#8221; header_6_text_shadow_horizontal_length=&#8221;header_6_text_shadow_style,%91object Object%93&#8243; header_6_text_shadow_horizontal_length_tablet=&#8221;0px&#8221; header_6_text_shadow_vertical_length=&#8221;header_6_text_shadow_style,%91object Object%93&#8243; header_6_text_shadow_vertical_length_tablet=&#8221;0px&#8221; header_6_text_shadow_blur_strength=&#8221;header_6_text_shadow_style,%91object Object%93&#8243; header_6_text_shadow_blur_strength_tablet=&#8221;1px&#8221; box_shadow_horizontal_tablet=&#8221;0px&#8221; box_shadow_vertical_tablet=&#8221;0px&#8221; box_shadow_blur_tablet=&#8221;40px&#8221; box_shadow_spread_tablet=&#8221;0px&#8221; z_index_tablet=&#8221;500&#8243;]<\/p>\n<p>Encara no et queda clar\u00a0<strong>en quina zona de Barcelona vols viure<\/strong>? En\u00a0Marb\u00e0\u00a0comptem amb una \u00e0mplia selecci\u00f3 de pisos situats en la Zona Alta de Barcelona per a tota mena de gustos.<\/p>\n<p>Som una <strong>ag\u00e8ncia immobili\u00e0ria en la zona alta de Barcelona<\/strong>, especialitzada a posar en contacte als propietaris que volen <strong>comprar el seu pis amb garanties<\/strong>.<\/p>\n<p>&nbsp;<\/p>\n<p style=\"text-align: left;\"><em>T&#8217;interessa: <a href=\"https:\/\/www.finquesmarba.com\/ca\/millors-barris-viure-barcelona\/\">La zona alta de Barcelona, els millors barris per a viure a Barcelona<\/a><\/em><\/p>\n<p>&nbsp;<\/p>\n<p><em>Vols saber altres barris on viure? T&#8217;interessa aquest post: <\/em><a href=\"https:\/\/www.finquesmarba.com\/ca\/comprar-pis-eixample-barcelona\/\"><em>Comprar pis a Eixample<\/em><\/a><\/p>\n<div class=\"traductor-textarea form-group\">\n<div class=\"textarea-desti col-xs-12 col-sm-6\">\n<div class=\"form-control second-textarea\">\n<div class=\"traductor-checkbox form-group\">\n<div class=\"row\">\u00a0<\/div>\n<\/div>\n<\/div>\n<\/div>\n<\/div>\n<p>[\/et_pb_text][\/et_pb_column][\/et_pb_row][\/et_pb_section]<\/p>\n","protected":false},"excerpt":{"rendered":"<p>El districte de les Corts s&#8217;ha convertit en el m\u00e9s demandat per fam\u00edlies de la Zona Alta de Barcelona i el millor puntuat pels ve\u00efns.<\/p>\n","protected":false},"author":1,"featured_media":38429,"comment_status":"open","ping_status":"closed","sticky":false,"template":"","format":"standard","meta":{"_et_pb_use_builder":"on","_et_pb_old_content":"","_et_gb_content_width":"","footnotes":""},"categories":[89,1],"tags":[],"class_list":["post-38411","post","type-post","status-publish","format-standard","has-post-thumbnail","hentry","category-consejos-compra-piso-ca","category-uncategorized-ca"],"yoast_head":"<!-- This site is optimized with the Yoast SEO plugin v21.8 - https:\/\/yoast.com\/wordpress\/plugins\/seo\/ -->\n<title>Comprar pis en Les Corts, barri m\u00e9s demandat de Barcelona<\/title>\n<meta name=\"description\" content=\"El districte de les Corts s&#039;ha convertit en el m\u00e9s demandat per fam\u00edlies de la Zona Alta de Barcelona i el millor puntuat pels ve\u00efns.\" \/>\n<meta name=\"robots\" content=\"index, follow, max-snippet:-1, max-image-preview:large, max-video-preview:-1\" \/>\n<link rel=\"canonical\" href=\"https:\/\/www.finquesmarba.com\/ca\/comprar-pis-les-corts-districte-zona-alta-barcelona\/\" \/>\n<meta property=\"og:locale\" content=\"ca_ES\" \/>\n<meta property=\"og:type\" content=\"article\" \/>\n<meta property=\"og:title\" content=\"Comprar pis en Les Corts, barri m\u00e9s demandat de Barcelona\" \/>\n<meta property=\"og:description\" content=\"El districte de les Corts s&#039;ha convertit en el m\u00e9s demandat per fam\u00edlies de la Zona Alta de Barcelona i el millor puntuat pels ve\u00efns.\" \/>\n<meta property=\"og:url\" content=\"https:\/\/www.finquesmarba.com\/ca\/comprar-pis-les-corts-districte-zona-alta-barcelona\/\" \/>\n<meta property=\"og:site_name\" content=\"Finques Marb\u00e0\" \/>\n<meta property=\"article:publisher\" content=\"https:\/\/www.facebook.com\/finquesmarba\" \/>\n<meta property=\"article:published_time\" content=\"2020-01-30T11:15:35+00:00\" \/>\n<meta property=\"article:modified_time\" content=\"2020-11-13T09:49:07+00:00\" \/>\n<meta property=\"og:image\" content=\"https:\/\/www.finquesmarba.com\/wp-content\/uploads\/2020\/01\/marba-les-corts-1.jpg\" \/>\n\t<meta property=\"og:image:width\" content=\"1400\" \/>\n\t<meta property=\"og:image:height\" content=\"933\" \/>\n\t<meta property=\"og:image:type\" content=\"image\/jpeg\" \/>\n<meta name=\"author\" content=\"admin-estate\" \/>\n<meta name=\"twitter:card\" content=\"summary_large_image\" \/>\n<meta name=\"twitter:label1\" content=\"Escrit per\" \/>\n\t<meta name=\"twitter:data1\" content=\"admin-estate\" \/>\n\t<meta name=\"twitter:label2\" content=\"Temps estimat de lectura\" \/>\n\t<meta name=\"twitter:data2\" content=\"19 minuts\" \/>\n<script type=\"application\/ld+json\" class=\"yoast-schema-graph\">{\"@context\":\"https:\/\/schema.org\",\"@graph\":[{\"@type\":\"WebPage\",\"@id\":\"https:\/\/www.finquesmarba.com\/ca\/comprar-pis-les-corts-districte-zona-alta-barcelona\/\",\"url\":\"https:\/\/www.finquesmarba.com\/ca\/comprar-pis-les-corts-districte-zona-alta-barcelona\/\",\"name\":\"Comprar pis en Les Corts, barri m\u00e9s demandat de Barcelona\",\"isPartOf\":{\"@id\":\"https:\/\/www.finquesmarba.com\/#website\"},\"datePublished\":\"2020-01-30T11:15:35+00:00\",\"dateModified\":\"2020-11-13T09:49:07+00:00\",\"author\":{\"@id\":\"https:\/\/www.finquesmarba.com\/#\/schema\/person\/b53b68c94ed95745a84fee89c1a13062\"},\"description\":\"El districte de les Corts s'ha convertit en el m\u00e9s demandat per fam\u00edlies de la Zona Alta de Barcelona i el millor puntuat pels ve\u00efns.\",\"breadcrumb\":{\"@id\":\"https:\/\/www.finquesmarba.com\/ca\/comprar-pis-les-corts-districte-zona-alta-barcelona\/#breadcrumb\"},\"inLanguage\":\"ca\",\"potentialAction\":[{\"@type\":\"ReadAction\",\"target\":[\"https:\/\/www.finquesmarba.com\/ca\/comprar-pis-les-corts-districte-zona-alta-barcelona\/\"]}]},{\"@type\":\"BreadcrumbList\",\"@id\":\"https:\/\/www.finquesmarba.com\/ca\/comprar-pis-les-corts-districte-zona-alta-barcelona\/#breadcrumb\",\"itemListElement\":[{\"@type\":\"ListItem\",\"position\":1,\"name\":\"Inici\",\"item\":\"https:\/\/www.finquesmarba.com\/ca\/\"},{\"@type\":\"ListItem\",\"position\":2,\"name\":\"Comprar pis en Les Corts, districte m\u00e9s demandat en la Zona Alta de Barcelona\"}]},{\"@type\":\"WebSite\",\"@id\":\"https:\/\/www.finquesmarba.com\/#website\",\"url\":\"https:\/\/www.finquesmarba.com\/\",\"name\":\"Finques Marb\u00e0\",\"description\":\"Just another WordPress site\",\"potentialAction\":[{\"@type\":\"SearchAction\",\"target\":{\"@type\":\"EntryPoint\",\"urlTemplate\":\"https:\/\/www.finquesmarba.com\/?s={search_term_string}\"},\"query-input\":\"required name=search_term_string\"}],\"inLanguage\":\"ca\"},{\"@type\":\"Person\",\"@id\":\"https:\/\/www.finquesmarba.com\/#\/schema\/person\/b53b68c94ed95745a84fee89c1a13062\",\"name\":\"admin-estate\",\"image\":{\"@type\":\"ImageObject\",\"inLanguage\":\"ca\",\"@id\":\"https:\/\/www.finquesmarba.com\/#\/schema\/person\/image\/\",\"url\":\"https:\/\/www.finquesmarba.com\/wp-content\/uploads\/2018\/11\/logotipo-marba-800800-150x150.png\",\"contentUrl\":\"https:\/\/www.finquesmarba.com\/wp-content\/uploads\/2018\/11\/logotipo-marba-800800-150x150.png\",\"caption\":\"admin-estate\"},\"url\":\"https:\/\/www.finquesmarba.com\/ca\/author\/admin-estate\/\"}]}<\/script>\n<!-- \/ Yoast SEO plugin. -->","yoast_head_json":{"title":"Comprar pis en Les Corts, barri m\u00e9s demandat de Barcelona","description":"El districte de les Corts s'ha convertit en el m\u00e9s demandat per fam\u00edlies de la Zona Alta de Barcelona i el millor puntuat pels ve\u00efns.","robots":{"index":"index","follow":"follow","max-snippet":"max-snippet:-1","max-image-preview":"max-image-preview:large","max-video-preview":"max-video-preview:-1"},"canonical":"https:\/\/www.finquesmarba.com\/ca\/comprar-pis-les-corts-districte-zona-alta-barcelona\/","og_locale":"ca_ES","og_type":"article","og_title":"Comprar pis en Les Corts, barri m\u00e9s demandat de Barcelona","og_description":"El districte de les Corts s'ha convertit en el m\u00e9s demandat per fam\u00edlies de la Zona Alta de Barcelona i el millor puntuat pels ve\u00efns.","og_url":"https:\/\/www.finquesmarba.com\/ca\/comprar-pis-les-corts-districte-zona-alta-barcelona\/","og_site_name":"Finques Marb\u00e0","article_publisher":"https:\/\/www.facebook.com\/finquesmarba","article_published_time":"2020-01-30T11:15:35+00:00","article_modified_time":"2020-11-13T09:49:07+00:00","og_image":[{"width":1400,"height":933,"url":"https:\/\/www.finquesmarba.com\/wp-content\/uploads\/2020\/01\/marba-les-corts-1.jpg","type":"image\/jpeg"}],"author":"admin-estate","twitter_card":"summary_large_image","twitter_misc":{"Escrit per":"admin-estate","Temps estimat de lectura":"19 minuts"},"schema":{"@context":"https:\/\/schema.org","@graph":[{"@type":"WebPage","@id":"https:\/\/www.finquesmarba.com\/ca\/comprar-pis-les-corts-districte-zona-alta-barcelona\/","url":"https:\/\/www.finquesmarba.com\/ca\/comprar-pis-les-corts-districte-zona-alta-barcelona\/","name":"Comprar pis en Les Corts, barri m\u00e9s demandat de Barcelona","isPartOf":{"@id":"https:\/\/www.finquesmarba.com\/#website"},"datePublished":"2020-01-30T11:15:35+00:00","dateModified":"2020-11-13T09:49:07+00:00","author":{"@id":"https:\/\/www.finquesmarba.com\/#\/schema\/person\/b53b68c94ed95745a84fee89c1a13062"},"description":"El districte de les Corts s'ha convertit en el m\u00e9s demandat per fam\u00edlies de la Zona Alta de Barcelona i el millor puntuat pels ve\u00efns.","breadcrumb":{"@id":"https:\/\/www.finquesmarba.com\/ca\/comprar-pis-les-corts-districte-zona-alta-barcelona\/#breadcrumb"},"inLanguage":"ca","potentialAction":[{"@type":"ReadAction","target":["https:\/\/www.finquesmarba.com\/ca\/comprar-pis-les-corts-districte-zona-alta-barcelona\/"]}]},{"@type":"BreadcrumbList","@id":"https:\/\/www.finquesmarba.com\/ca\/comprar-pis-les-corts-districte-zona-alta-barcelona\/#breadcrumb","itemListElement":[{"@type":"ListItem","position":1,"name":"Inici","item":"https:\/\/www.finquesmarba.com\/ca\/"},{"@type":"ListItem","position":2,"name":"Comprar pis en Les Corts, districte m\u00e9s demandat en la Zona Alta de Barcelona"}]},{"@type":"WebSite","@id":"https:\/\/www.finquesmarba.com\/#website","url":"https:\/\/www.finquesmarba.com\/","name":"Finques Marb\u00e0","description":"Just another WordPress site","potentialAction":[{"@type":"SearchAction","target":{"@type":"EntryPoint","urlTemplate":"https:\/\/www.finquesmarba.com\/?s={search_term_string}"},"query-input":"required name=search_term_string"}],"inLanguage":"ca"},{"@type":"Person","@id":"https:\/\/www.finquesmarba.com\/#\/schema\/person\/b53b68c94ed95745a84fee89c1a13062","name":"admin-estate","image":{"@type":"ImageObject","inLanguage":"ca","@id":"https:\/\/www.finquesmarba.com\/#\/schema\/person\/image\/","url":"https:\/\/www.finquesmarba.com\/wp-content\/uploads\/2018\/11\/logotipo-marba-800800-150x150.png","contentUrl":"https:\/\/www.finquesmarba.com\/wp-content\/uploads\/2018\/11\/logotipo-marba-800800-150x150.png","caption":"admin-estate"},"url":"https:\/\/www.finquesmarba.com\/ca\/author\/admin-estate\/"}]}},"_links":{"self":[{"href":"https:\/\/www.finquesmarba.com\/ca\/wp-json\/wp\/v2\/posts\/38411","targetHints":{"allow":["GET"]}}],"collection":[{"href":"https:\/\/www.finquesmarba.com\/ca\/wp-json\/wp\/v2\/posts"}],"about":[{"href":"https:\/\/www.finquesmarba.com\/ca\/wp-json\/wp\/v2\/types\/post"}],"author":[{"embeddable":true,"href":"https:\/\/www.finquesmarba.com\/ca\/wp-json\/wp\/v2\/users\/1"}],"replies":[{"embeddable":true,"href":"https:\/\/www.finquesmarba.com\/ca\/wp-json\/wp\/v2\/comments?post=38411"}],"version-history":[{"count":19,"href":"https:\/\/www.finquesmarba.com\/ca\/wp-json\/wp\/v2\/posts\/38411\/revisions"}],"predecessor-version":[{"id":42740,"href":"https:\/\/www.finquesmarba.com\/ca\/wp-json\/wp\/v2\/posts\/38411\/revisions\/42740"}],"wp:featuredmedia":[{"embeddable":true,"href":"https:\/\/www.finquesmarba.com\/ca\/wp-json\/wp\/v2\/media\/38429"}],"wp:attachment":[{"href":"https:\/\/www.finquesmarba.com\/ca\/wp-json\/wp\/v2\/media?parent=38411"}],"wp:term":[{"taxonomy":"category","embeddable":true,"href":"https:\/\/www.finquesmarba.com\/ca\/wp-json\/wp\/v2\/categories?post=38411"},{"taxonomy":"post_tag","embeddable":true,"href":"https:\/\/www.finquesmarba.com\/ca\/wp-json\/wp\/v2\/tags?post=38411"}],"curies":[{"name":"wp","href":"https:\/\/api.w.org\/{rel}","templated":true}]}}