{"id":3635,"date":"2018-11-10T11:59:13","date_gmt":"2018-11-10T10:59:13","guid":{"rendered":"http:\/\/www.finquesmarba.com\/?p=3635"},"modified":"2018-12-13T10:30:19","modified_gmt":"2018-12-13T09:30:19","slug":"francesc-quintana-entrevista-martina-marba","status":"publish","type":"post","link":"https:\/\/www.finquesmarba.com\/ca\/francesc-quintana-entrevista-martina-marba\/","title":{"rendered":"Francesc Quintana entrevista a Martina Marb\u00e0"},"content":{"rendered":"<p>[et_pb_section bb_built=&#8221;1&#8243;][et_pb_row][et_pb_column type=&#8221;4_4&#8243;][et_pb_text _builder_version=&#8221;3.13.1&#8243;]<\/p>\n<p>Reprodu\u00efm l&#8217;entrevista que ens va fer per <a href=\"https:\/\/francescquintana.com\/una-cientifica-a-loficina-immo\/\" target=\"_blank\" rel=\"noopener\">al seu bloc<\/a> en Francesc Quintana,\u00a0CEO\u00a0de\u00a0Vivendex\u00a0i un referent en el sector immobiliari.<\/p>\n<p>&#8220;Les germanes Marb\u00e0 s\u00f3n la pura ess\u00e8ncia de la Immobili\u00e0ria tradicional, que ara, amb la tercera generaci\u00f3 fa un gir per adaptar-se als nous temps.<\/p>\n<div class=\"entry-content\">\n<p>La Martina \u00e9s \u201c<em>una rara avis<\/em>\u201d dintre la professi\u00f3, parles 2 minuts amb ella i te n\u2019adones.<\/p>\n<p>Parla amb seguretat, t\u00e9 clar el que vol, i l\u2019esport (crec que practica tot el que es pot practicar) l\u2019ha entrenat en l\u2019esfor\u00e7, la regularitat i la const\u00e0ncia.<\/p>\n<p>Quan em va explicar la seva hist\u00f2ria no me la podia creure, \u00e9s apassionant!! Ens calen moltes persones com ella a la nostra professi\u00f3, no podem deixar perdre la seva visi\u00f3 i experi\u00e8ncia, per\u00f2 ens ho explica ella mateixa, com una investigadora va acabar a l\u2019oficina Immobili\u00e0ria.<\/p>\n<p><strong>Per Martina Marb\u00e0.<\/strong><\/p>\n<p>Alguns es pregunten \u00bfcom es pot passar de teoremes, f\u00f3rmules i n\u00fameros a una oficina immobili\u00e0ria?<\/p>\n<p>B\u00e9, doncs des de ben petita, a casa, dominaven les converses immobili\u00e0ries, tant per part del pare com de la mare que li preguntava, ja fos a l\u2019hora de sopar, com viatjant en cotxe, o fins i tot veient una pel\u00b7l\u00edcula al sal\u00f3, sempre quedava algun tema que no s\u2019havia comentat: que si el llogater d\u2019aquest carrer o de l\u2019altre, el propietari d\u2019aqu\u00ed i d\u2019all\u00e0, les reformes com van, etc.<\/p>\n<p>Escoltar-ne parlar tots els dies a totes hores penso que \u00e9s el que em va fer fugir, i no voler-ne saber res durant molt de temps.<\/p>\n<p>Entre integrals triples, equacions diferencials i derivades, vaig decidir dedicar-me a l\u2019estad\u00edstica, despr\u00e9s a la Bioinform\u00e0tica i a la investigaci\u00f3.<\/p>\n<p>Els projectes duraven mesos o anys, em passava el dia davant d\u2019un ordinador analitzant entre els milers de gens del ser hum\u00e0 quins eren els \u201cdolents\u201d, aquells que eren causants de certes malalties.<\/p>\n<p>F\u00e8iem servir el Big Data, per analitzar, entre d\u2019altres variables, els milers de gens, i aix\u00ed poder resoldre amb m\u00e8todes estad\u00edstics, el que a simple vista una matriu num\u00e8rica no ens permetia de veure.<\/p>\n<p>I mentrestant, tot el que passava a casa, per mi era una feina m\u00e9s de carrer, visites amb clients, llibretes, firmes i papers\u2026<\/p>\n<p>La investigaci\u00f3 em va donar l\u2019oportunitat de viure a molts llocs diferents, Glasgow, Val\u00e8ncia i Nova York. Con\u00e8ixer molta gent de diferents or\u00edgens, molts d\u2019ells encara aportant grans aven\u00e7os per la ci\u00e8ncia i treballant amb la tecnologia m\u00e9s puntera.<\/p>\n<p>Per\u00f2 va arribar un moment en que tocava\u00a0<strong>alinear la vida personal i la professional<\/strong>, i tornar a Barcelona. Era el moment d\u2019aprofitar l\u2019oportunitat de treballar a l\u2019empresa familiar, a l\u2019oficina immobili\u00e0ria!<\/p>\n<p>I de sobte, t\u2019adones que comences de nou, en un \u00e0mbit totalment diferent, i molt m\u00e9s interessant del que t\u2019havies imaginat.<\/p>\n<p>Descobreixes un sector en plena evoluci\u00f3, per\u00f2 encara molt enrederit respecte altres que ja havia conegut, on sense que ho pens\u00e9s abans, et pots endinsar en moltes tem\u00e0tiques diferents (arquitectura, dret, marketing, big data, \u2026), on la nova tecnologia tamb\u00e9 hi t\u00e9 gran protagonisme (tours virtuals, \u00a0realitat augmentada, ..), on es t\u00e9 un tracte directe i constant amb les persones i s\u2019ofereixen serveis amb un tracte personalitzat.<\/p>\n<p>Per\u00f2 en contra partida \u00e9s un sector molt sensible per a tothom, ja que t\u00e9 implicacions directes amb l\u2019economia de les fam\u00edlies.<\/p>\n<p>I di\u00e0riament veus les not\u00edcies immobili\u00e0ries que es publiquen, massa sovint amb dades poc fiables. Les dades num\u00e8riques de preus (de lloguer, de venda, increments\u2026) solen ser poc contrastades, i \u00fanicament busquen un titular als mitjans de comunicaci\u00f3.<\/p>\n<p>En aquests moments de moltes dades i poca informaci\u00f3, on tens el pols del mercat que diu una cosa i la premsa en diu una altra, llavors \u00e9s quan saps que la nostra feina d\u2019immobiliaris, encara \u00e9s m\u00e9s important, cal m\u00e9s que mai\u00a0<strong>el tracte personal<\/strong>.<\/p>\n<p>Per aportar a les persones els nostres coneixements, adquirits amb l\u2019experi\u00e8ncia personal, de l\u2019empresa, dels nostres companys, i poder-los aconsellar el millor.<\/p>\n<p>Fer que el cam\u00ed tant important a rec\u00f3rrer de comprar o vendre el seu pis sigui el m\u00e9s f\u00e0cil i agradable possible. Ajudar-los a deixar enrere una vida viscuda, en un lloc que els deixar\u00e0 de pert\u00e0nyer, uns sentiments i unes emocions que els han acompanyat curtes o llargues estades.<\/p>\n<p>I per mi la millor recompensa \u00e9s quan veus les persones emocionar-se i saps que els has ajudat a trobar la casa que tant desitjaven, \u00a0o els has acompanyat en la venda, a uns o altres, i els acompanyes amb confian\u00e7a a passar a la seg\u00fcent etapa de les seves vides.&#8221;<\/p>\n<p>Molt\u00edssimes gr\u00e0cies Francesc!<\/p>\n<\/div>\n<p>[\/et_pb_text][\/et_pb_column][\/et_pb_row][et_pb_row _builder_version=&#8221;3.13.1&#8243;][et_pb_column type=&#8221;4_4&#8243;][et_pb_divider _builder_version=&#8221;3.13.1&#8243; color=&#8221;#ED6861&#8243; divider_weight=&#8221;2px&#8221; height=&#8221;15px&#8221; \/][et_pb_sidebar _builder_version=&#8221;3.13.1&#8243; area=&#8221;et_pb_widget_area_1&#8243; module_class=&#8221;box_list_property&#8221; \/][et_pb_divider _builder_version=&#8221;3.13.1&#8243; color=&#8221;#ED6861&#8243; divider_weight=&#8221;2px&#8221; height=&#8221;15px&#8221; \/][et_pb_text admin_label=&#8221;Contact form 7 basic (blog \u2013 ca)&#8221; _builder_version=&#8221;3.13.1&#8243; saved_tabs=&#8221;all&#8221; module_class=&#8221;cf-7-divi-embed&#8221; global_module=&#8221;7265&#8243;]<\/p>\n<h3>Vols vendre o llogar el teu pis a Barcelona amb les m\u00e0ximes garanties? Contacta amb\u00a0Marb\u00e1<\/h3>\n<p>Volem ser l\u2019ag\u00e8ncia immobili\u00e0ria de confian\u00e7a per a tots aquells propietaris que estiguin buscant professionalitat, comprom\u00eds i proximitat.<\/p>\n<p>Si vols vendre o llogar la teva propietat, podem ajudar-te a fer-ho r\u00e0pid i amb garanties. Estar\u00e0s junt a una empresa amb una s\u00f2lida traject\u00f2ria al mercat que sap com aconseguir la millor relaci\u00f3 valor-preu per al teu habitatge.<\/p>\n<p>\n<div class=\"wpcf7 no-js\" id=\"wpcf7-f7249-o1\" lang=\"es-ES\" dir=\"ltr\">\n<div class=\"screen-reader-response\"><p role=\"status\" aria-live=\"polite\" aria-atomic=\"true\"><\/p> <ul><\/ul><\/div>\n<form action=\"\/ca\/wp-json\/wp\/v2\/posts\/3635#wpcf7-f7249-o1\" method=\"post\" class=\"wpcf7-form init\" aria-label=\"Formulario de contacto\" novalidate=\"novalidate\" data-status=\"init\">\n<div style=\"display: none;\">\n<input type=\"hidden\" name=\"_wpcf7\" value=\"7249\" \/>\n<input type=\"hidden\" name=\"_wpcf7_version\" value=\"5.8.4\" \/>\n<input type=\"hidden\" name=\"_wpcf7_locale\" value=\"es_ES\" \/>\n<input type=\"hidden\" name=\"_wpcf7_unit_tag\" value=\"wpcf7-f7249-o1\" \/>\n<input type=\"hidden\" name=\"_wpcf7_container_post\" value=\"0\" \/>\n<input type=\"hidden\" name=\"_wpcf7_posted_data_hash\" value=\"\" \/>\n<input type=\"hidden\" name=\"_wpcf7_recaptcha_response\" value=\"\" \/>\n<\/div>\n<p><span class=\"wpcf7-form-control-wrap\" data-name=\"your-name\"><input size=\"40\" class=\"wpcf7-form-control wpcf7-text wpcf7-validates-as-required form_1p\" aria-required=\"true\" aria-invalid=\"false\" placeholder=\"Nom*\" value=\"\" type=\"text\" name=\"your-name\" \/><\/span>\n<\/p>\n<p><span class=\"wpcf7-form-control-wrap\" data-name=\"your-email\"><input size=\"40\" class=\"wpcf7-form-control wpcf7-email wpcf7-validates-as-required wpcf7-text wpcf7-validates-as-email form_1p\" aria-required=\"true\" aria-invalid=\"false\" placeholder=\"Correu electr\u00f2nic*\" value=\"\" type=\"email\" name=\"your-email\" \/><\/span>\n<\/p>\n<p><span class=\"wpcf7-form-control-wrap\" data-name=\"your-phone\"><input size=\"40\" class=\"wpcf7-form-control wpcf7-text wpcf7-validates-as-required form_1p\" aria-required=\"true\" aria-invalid=\"false\" placeholder=\"Tel\u00e8fon*\" value=\"\" type=\"text\" name=\"your-phone\" \/><\/span>\n<\/p>\n<p><span class=\"wpcf7-form-control-wrap\" data-name=\"your-message\"><textarea cols=\"40\" rows=\"10\" class=\"wpcf7-form-control wpcf7-textarea form_1p\" aria-invalid=\"false\" placeholder=\"Motiu de contacte\" name=\"your-message\"><\/textarea><\/span>\n<\/p>\n<div class=\"form_nota\">\n\t<p>*Camps obligatoris\n\t<\/p>\n<\/div>\n<p><span class=\"wpcf7-form-control-wrap\" data-name=\"acceptance-901\"><span class=\"wpcf7-form-control wpcf7-acceptance\"><span class=\"wpcf7-list-item\"><label><input type=\"checkbox\" name=\"acceptance-901\" value=\"1\" aria-invalid=\"false\" \/><span class=\"wpcf7-list-item-label\">Accepto els <a href=\"#nogo\" title=\"termes i condicions de privacitat\" target=\"_blank\">termes i condicions de privacitat.<\/a><\/span><\/label><\/span><\/span><\/span><br \/>\n\n<\/p>\n<p><input class=\"wpcf7-form-control wpcf7-submit has-spinner\" type=\"submit\" value=\"Enviar\" \/>\n<\/p><div class=\"wpcf7-response-output\" aria-hidden=\"true\"><\/div>\n<\/form>\n<\/div>\n [\/et_pb_text][\/et_pb_column][\/et_pb_row][\/et_pb_section]<\/p>\n","protected":false},"excerpt":{"rendered":"<p>Reprodu\u00efm l&#8217;entrevista que va fer Francesc Quintana, CEO de Vivendex i tot un referent en el sector immobiliari a Martina Marb\u00e0.<br \/>\nSi vols con\u00e8ixer-nos una mica m\u00e9s, aquest post t&#8217;agradar\u00e0.<\/p>\n","protected":false},"author":3,"featured_media":3636,"comment_status":"open","ping_status":"closed","sticky":false,"template":"","format":"standard","meta":{"_et_pb_use_builder":"on","_et_pb_old_content":"","_et_gb_content_width":"","footnotes":""},"categories":[67],"tags":[],"class_list":["post-3635","post","type-post","status-publish","format-standard","has-post-thumbnail","hentry","category-corporatiu"],"yoast_head":"<!-- This site is optimized with the Yoast SEO plugin v21.8 - https:\/\/yoast.com\/wordpress\/plugins\/seo\/ -->\n<title>Francesc Quintana entrevista a Martina Marb\u00e0 - Finques Marb\u00e0<\/title>\n<meta name=\"description\" content=\"Reprodu\u00efm l&#039;entrevista que ens va fer per al seu bloc en Francesc Quintana,\u00a0CEO\u00a0de\u00a0Vivendex\u00a0i un referent en el sector immobiliari.\" \/>\n<meta name=\"robots\" content=\"index, follow, max-snippet:-1, max-image-preview:large, max-video-preview:-1\" \/>\n<link rel=\"canonical\" href=\"https:\/\/www.finquesmarba.com\/ca\/francesc-quintana-entrevista-martina-marba\/\" \/>\n<meta property=\"og:locale\" content=\"ca_ES\" \/>\n<meta property=\"og:type\" content=\"article\" \/>\n<meta property=\"og:title\" content=\"Francesc Quintana entrevista a Martina Marb\u00e0 - Finques Marb\u00e0\" \/>\n<meta property=\"og:description\" content=\"Reprodu\u00efm l&#039;entrevista que ens va fer per al seu bloc en Francesc Quintana,\u00a0CEO\u00a0de\u00a0Vivendex\u00a0i un referent en el sector immobiliari.\" \/>\n<meta property=\"og:url\" content=\"https:\/\/www.finquesmarba.com\/ca\/francesc-quintana-entrevista-martina-marba\/\" \/>\n<meta property=\"og:site_name\" content=\"Finques Marb\u00e0\" \/>\n<meta property=\"article:publisher\" content=\"https:\/\/www.facebook.com\/finquesmarba\" \/>\n<meta property=\"article:author\" content=\"https:\/\/www.facebook.com\/finquesmarba\/\" \/>\n<meta property=\"article:published_time\" content=\"2018-11-10T10:59:13+00:00\" \/>\n<meta property=\"article:modified_time\" content=\"2018-12-13T09:30:19+00:00\" \/>\n<meta property=\"og:image\" content=\"https:\/\/www.finquesmarba.com\/wp-content\/uploads\/2018\/11\/1811-francescquintana-martinamarba.jpg\" \/>\n\t<meta property=\"og:image:width\" content=\"1200\" \/>\n\t<meta property=\"og:image:height\" content=\"675\" \/>\n\t<meta property=\"og:image:type\" content=\"image\/jpeg\" \/>\n<meta name=\"author\" content=\"Finques Marb\u00e0\" \/>\n<meta name=\"twitter:card\" content=\"summary_large_image\" \/>\n<meta name=\"twitter:label1\" content=\"Escrit per\" \/>\n\t<meta name=\"twitter:data1\" content=\"Finques Marb\u00e0\" \/>\n\t<meta name=\"twitter:label2\" content=\"Temps estimat de lectura\" \/>\n\t<meta name=\"twitter:data2\" content=\"5 minuts\" \/>\n<script type=\"application\/ld+json\" class=\"yoast-schema-graph\">{\"@context\":\"https:\/\/schema.org\",\"@graph\":[{\"@type\":\"WebPage\",\"@id\":\"https:\/\/www.finquesmarba.com\/ca\/francesc-quintana-entrevista-martina-marba\/\",\"url\":\"https:\/\/www.finquesmarba.com\/ca\/francesc-quintana-entrevista-martina-marba\/\",\"name\":\"Francesc Quintana entrevista a Martina Marb\u00e0 - Finques Marb\u00e0\",\"isPartOf\":{\"@id\":\"https:\/\/www.finquesmarba.com\/#website\"},\"datePublished\":\"2018-11-10T10:59:13+00:00\",\"dateModified\":\"2018-12-13T09:30:19+00:00\",\"author\":{\"@id\":\"https:\/\/www.finquesmarba.com\/#\/schema\/person\/7e3f8cc26c0f4e7c3155ba06ce137d91\"},\"description\":\"Reprodu\u00efm l'entrevista que ens va fer per al seu bloc en Francesc Quintana,\u00a0CEO\u00a0de\u00a0Vivendex\u00a0i un referent en el sector immobiliari.\",\"breadcrumb\":{\"@id\":\"https:\/\/www.finquesmarba.com\/ca\/francesc-quintana-entrevista-martina-marba\/#breadcrumb\"},\"inLanguage\":\"ca\",\"potentialAction\":[{\"@type\":\"ReadAction\",\"target\":[\"https:\/\/www.finquesmarba.com\/ca\/francesc-quintana-entrevista-martina-marba\/\"]}]},{\"@type\":\"BreadcrumbList\",\"@id\":\"https:\/\/www.finquesmarba.com\/ca\/francesc-quintana-entrevista-martina-marba\/#breadcrumb\",\"itemListElement\":[{\"@type\":\"ListItem\",\"position\":1,\"name\":\"Inici\",\"item\":\"https:\/\/www.finquesmarba.com\/ca\/\"},{\"@type\":\"ListItem\",\"position\":2,\"name\":\"Francesc Quintana entrevista a Martina Marb\u00e0\"}]},{\"@type\":\"WebSite\",\"@id\":\"https:\/\/www.finquesmarba.com\/#website\",\"url\":\"https:\/\/www.finquesmarba.com\/\",\"name\":\"Finques Marb\u00e0\",\"description\":\"Just another WordPress site\",\"potentialAction\":[{\"@type\":\"SearchAction\",\"target\":{\"@type\":\"EntryPoint\",\"urlTemplate\":\"https:\/\/www.finquesmarba.com\/?s={search_term_string}\"},\"query-input\":\"required name=search_term_string\"}],\"inLanguage\":\"ca\"},{\"@type\":\"Person\",\"@id\":\"https:\/\/www.finquesmarba.com\/#\/schema\/person\/7e3f8cc26c0f4e7c3155ba06ce137d91\",\"name\":\"Finques Marb\u00e0\",\"image\":{\"@type\":\"ImageObject\",\"inLanguage\":\"ca\",\"@id\":\"https:\/\/www.finquesmarba.com\/#\/schema\/person\/image\/\",\"url\":\"https:\/\/www.finquesmarba.com\/wp-content\/uploads\/2018\/11\/logotipo-marba-800800-150x150.png\",\"contentUrl\":\"https:\/\/www.finquesmarba.com\/wp-content\/uploads\/2018\/11\/logotipo-marba-800800-150x150.png\",\"caption\":\"Finques Marb\u00e0\"},\"description\":\"Marb\u00e0 es tu inmobiliaria en Barcelona. Somos una empresa dedicada al alquiler, venta, gesti\u00f3n de patrimonio, asesoramiento de inversi\u00f3n inmobiliaria y valoraciones oficiales. Te cuidamos y cuidamos que tus propiedades est\u00e9n en buenas manos.\",\"sameAs\":[\"https:\/\/www.facebook.com\/finquesmarba\/\"],\"url\":\"https:\/\/www.finquesmarba.com\/ca\/author\/marba\/\"}]}<\/script>\n<!-- \/ Yoast SEO plugin. -->","yoast_head_json":{"title":"Francesc Quintana entrevista a Martina Marb\u00e0 - Finques Marb\u00e0","description":"Reprodu\u00efm l'entrevista que ens va fer per al seu bloc en Francesc Quintana,\u00a0CEO\u00a0de\u00a0Vivendex\u00a0i un referent en el sector immobiliari.","robots":{"index":"index","follow":"follow","max-snippet":"max-snippet:-1","max-image-preview":"max-image-preview:large","max-video-preview":"max-video-preview:-1"},"canonical":"https:\/\/www.finquesmarba.com\/ca\/francesc-quintana-entrevista-martina-marba\/","og_locale":"ca_ES","og_type":"article","og_title":"Francesc Quintana entrevista a Martina Marb\u00e0 - Finques Marb\u00e0","og_description":"Reprodu\u00efm l'entrevista que ens va fer per al seu bloc en Francesc Quintana,\u00a0CEO\u00a0de\u00a0Vivendex\u00a0i un referent en el sector immobiliari.","og_url":"https:\/\/www.finquesmarba.com\/ca\/francesc-quintana-entrevista-martina-marba\/","og_site_name":"Finques Marb\u00e0","article_publisher":"https:\/\/www.facebook.com\/finquesmarba","article_author":"https:\/\/www.facebook.com\/finquesmarba\/","article_published_time":"2018-11-10T10:59:13+00:00","article_modified_time":"2018-12-13T09:30:19+00:00","og_image":[{"width":1200,"height":675,"url":"https:\/\/www.finquesmarba.com\/wp-content\/uploads\/2018\/11\/1811-francescquintana-martinamarba.jpg","type":"image\/jpeg"}],"author":"Finques Marb\u00e0","twitter_card":"summary_large_image","twitter_misc":{"Escrit per":"Finques Marb\u00e0","Temps estimat de lectura":"5 minuts"},"schema":{"@context":"https:\/\/schema.org","@graph":[{"@type":"WebPage","@id":"https:\/\/www.finquesmarba.com\/ca\/francesc-quintana-entrevista-martina-marba\/","url":"https:\/\/www.finquesmarba.com\/ca\/francesc-quintana-entrevista-martina-marba\/","name":"Francesc Quintana entrevista a Martina Marb\u00e0 - Finques Marb\u00e0","isPartOf":{"@id":"https:\/\/www.finquesmarba.com\/#website"},"datePublished":"2018-11-10T10:59:13+00:00","dateModified":"2018-12-13T09:30:19+00:00","author":{"@id":"https:\/\/www.finquesmarba.com\/#\/schema\/person\/7e3f8cc26c0f4e7c3155ba06ce137d91"},"description":"Reprodu\u00efm l'entrevista que ens va fer per al seu bloc en Francesc Quintana,\u00a0CEO\u00a0de\u00a0Vivendex\u00a0i un referent en el sector immobiliari.","breadcrumb":{"@id":"https:\/\/www.finquesmarba.com\/ca\/francesc-quintana-entrevista-martina-marba\/#breadcrumb"},"inLanguage":"ca","potentialAction":[{"@type":"ReadAction","target":["https:\/\/www.finquesmarba.com\/ca\/francesc-quintana-entrevista-martina-marba\/"]}]},{"@type":"BreadcrumbList","@id":"https:\/\/www.finquesmarba.com\/ca\/francesc-quintana-entrevista-martina-marba\/#breadcrumb","itemListElement":[{"@type":"ListItem","position":1,"name":"Inici","item":"https:\/\/www.finquesmarba.com\/ca\/"},{"@type":"ListItem","position":2,"name":"Francesc Quintana entrevista a Martina Marb\u00e0"}]},{"@type":"WebSite","@id":"https:\/\/www.finquesmarba.com\/#website","url":"https:\/\/www.finquesmarba.com\/","name":"Finques Marb\u00e0","description":"Just another WordPress site","potentialAction":[{"@type":"SearchAction","target":{"@type":"EntryPoint","urlTemplate":"https:\/\/www.finquesmarba.com\/?s={search_term_string}"},"query-input":"required name=search_term_string"}],"inLanguage":"ca"},{"@type":"Person","@id":"https:\/\/www.finquesmarba.com\/#\/schema\/person\/7e3f8cc26c0f4e7c3155ba06ce137d91","name":"Finques Marb\u00e0","image":{"@type":"ImageObject","inLanguage":"ca","@id":"https:\/\/www.finquesmarba.com\/#\/schema\/person\/image\/","url":"https:\/\/www.finquesmarba.com\/wp-content\/uploads\/2018\/11\/logotipo-marba-800800-150x150.png","contentUrl":"https:\/\/www.finquesmarba.com\/wp-content\/uploads\/2018\/11\/logotipo-marba-800800-150x150.png","caption":"Finques Marb\u00e0"},"description":"Marb\u00e0 es tu inmobiliaria en Barcelona. Somos una empresa dedicada al alquiler, venta, gesti\u00f3n de patrimonio, asesoramiento de inversi\u00f3n inmobiliaria y valoraciones oficiales. Te cuidamos y cuidamos que tus propiedades est\u00e9n en buenas manos.","sameAs":["https:\/\/www.facebook.com\/finquesmarba\/"],"url":"https:\/\/www.finquesmarba.com\/ca\/author\/marba\/"}]}},"_links":{"self":[{"href":"https:\/\/www.finquesmarba.com\/ca\/wp-json\/wp\/v2\/posts\/3635","targetHints":{"allow":["GET"]}}],"collection":[{"href":"https:\/\/www.finquesmarba.com\/ca\/wp-json\/wp\/v2\/posts"}],"about":[{"href":"https:\/\/www.finquesmarba.com\/ca\/wp-json\/wp\/v2\/types\/post"}],"author":[{"embeddable":true,"href":"https:\/\/www.finquesmarba.com\/ca\/wp-json\/wp\/v2\/users\/3"}],"replies":[{"embeddable":true,"href":"https:\/\/www.finquesmarba.com\/ca\/wp-json\/wp\/v2\/comments?post=3635"}],"version-history":[{"count":5,"href":"https:\/\/www.finquesmarba.com\/ca\/wp-json\/wp\/v2\/posts\/3635\/revisions"}],"predecessor-version":[{"id":7286,"href":"https:\/\/www.finquesmarba.com\/ca\/wp-json\/wp\/v2\/posts\/3635\/revisions\/7286"}],"wp:featuredmedia":[{"embeddable":true,"href":"https:\/\/www.finquesmarba.com\/ca\/wp-json\/wp\/v2\/media\/3636"}],"wp:attachment":[{"href":"https:\/\/www.finquesmarba.com\/ca\/wp-json\/wp\/v2\/media?parent=3635"}],"wp:term":[{"taxonomy":"category","embeddable":true,"href":"https:\/\/www.finquesmarba.com\/ca\/wp-json\/wp\/v2\/categories?post=3635"},{"taxonomy":"post_tag","embeddable":true,"href":"https:\/\/www.finquesmarba.com\/ca\/wp-json\/wp\/v2\/tags?post=3635"}],"curies":[{"name":"wp","href":"https:\/\/api.w.org\/{rel}","templated":true}]}}